{"id":132013,"date":"2023-06-22T11:28:34","date_gmt":"2023-06-22T09:28:34","guid":{"rendered":"https:\/\/renexia.it\/med-wind-renexia-sigla-accordo-con-seas-geosciences-per-lanalisi-dei-fondali\/"},"modified":"2023-09-14T13:13:31","modified_gmt":"2023-09-14T11:13:31","slug":"med-wind-renexia-sigla-accordo-con-seas-geosciences-per-lanalisi-dei-fondali","status":"publish","type":"post","link":"https:\/\/renexia.it\/fr\/med-wind-renexia-sigla-accordo-con-seas-geosciences-per-lanalisi-dei-fondali\/","title":{"rendered":"<span style=\"color: #003061;\">Med Wind, Renexia signe un accord avec Seas Geosciences pour l&rsquo;analyse des fonds marins<\/span>"},"content":{"rendered":"<div class=\"wpb-content-wrapper\"><p>[vc_row unlock_row_content=\u00a0\u00bbyes\u00a0\u00bb row_height_percent=\u00a0\u00bb0&Prime; override_padding=\u00a0\u00bbyes\u00a0\u00bb h_padding=\u00a0\u00bb2&Prime; top_padding=\u00a0\u00bb2&Prime; bottom_padding=\u00a0\u00bb0&Prime; overlay_alpha=\u00a0\u00bb50&Prime; gutter_size=\u00a0\u00bb3&Prime; column_width_percent=\u00a0\u00bb100&Prime; shift_y=\u00a0\u00bb0&Prime; z_index=\u00a0\u00bb0&Prime; uncode_shortcode_id=\u00a0\u00bb481663&Prime;][vc_column column_width_percent=\u00a0\u00bb100&Prime; position_horizontal=\u00a0\u00bbleft\u00a0\u00bb gutter_size=\u00a0\u00bb2&Prime; font_family=\u00a0\u00bbfont-136032&Prime; overlay_alpha=\u00a0\u00bb50&Prime; shift_x=\u00a0\u00bb0&Prime; shift_y=\u00a0\u00bb0&Prime; shift_y_down=\u00a0\u00bb0&Prime; z_index=\u00a0\u00bb0&Prime; medium_width=\u00a0\u00bb0&Prime; mobile_width=\u00a0\u00bb0&Prime; width=\u00a0\u00bb1\/1&Prime; uncode_shortcode_id=\u00a0\u00bb174762&Prime;][uncode_breadcrumbs text_lead=\u00a0\u00bbsmall\u00a0\u00bb el_class=\u00a0\u00bbbreadArticle\u00a0\u00bb][\/vc_column][\/vc_row][vc_row][vc_column column_width_percent=\u00a0\u00bb100&Prime; align_horizontal=\u00a0\u00bbalign_center\u00a0\u00bb gutter_size=\u00a0\u00bb3&Prime; font_family=\u00a0\u00bbfont-136032&Prime; overlay_alpha=\u00a0\u00bb50&Prime; shift_x=\u00a0\u00bb0&Prime; shift_y=\u00a0\u00bb0&Prime; shift_y_down=\u00a0\u00bb0&Prime; z_index=\u00a0\u00bb0&Prime; medium_width=\u00a0\u00bb0&Prime; mobile_width=\u00a0\u00bb0&Prime; width=\u00a0\u00bb1\/1&Prime; uncode_shortcode_id=\u00a0\u00bb641637&Prime;][uncode_info_box items=\u00a0\u00bbDate\u00a0\u00bb text_size=\u00a0\u00bbh6&Prime; separator=\u00a0\u00bbbullet\u00a0\u00bb][vc_custom_heading auto_text=\u00a0\u00bbyes\u00a0\u00bb text_color=\u00a0\u00bbcolor-874458&Prime; text_font=\u00a0\u00bbfont-136032&Prime; text_size=\u00a0\u00bbfontsize-139820&Prime; text_transform=\u00a0\u00bbuppercase\u00a0\u00bb css_animation=\u00a0\u00bbleft-t-right\u00a0\u00bb uncode_shortcode_id=\u00a0\u00bb155779&Prime; text_color_type=\u00a0\u00bbuncode-palette\u00a0\u00bb]L&rsquo;europe aime beleolico: la visite du vice-president de la commission europeenne, Frans Timmermans[\/vc_custom_heading][vc_single_image media=\u00a0\u00bb120022&Prime; dynamic=\u00a0\u00bbyes\u00a0\u00bb dynamic_source=\u00a0\u00bbsecondary\u00a0\u00bb media_width_percent=\u00a0\u00bb100&Prime; uncode_shortcode_id=\u00a0\u00bb451433&Prime;][\/vc_column][\/vc_row][vc_row row_height_percent=\u00a0\u00bb0&Prime; override_padding=\u00a0\u00bbyes\u00a0\u00bb h_padding=\u00a0\u00bb2&Prime; top_padding=\u00a0\u00bb0&Prime; bottom_padding=\u00a0\u00bb2&Prime; overlay_alpha=\u00a0\u00bb50&Prime; gutter_size=\u00a0\u00bb3&Prime; column_width_percent=\u00a0\u00bb100&Prime; shift_y=\u00a0\u00bb0&Prime; z_index=\u00a0\u00bb0&Prime; uncode_shortcode_id=\u00a0\u00bb209270&Prime;][vc_column column_width_percent=\u00a0\u00bb80&Prime; gutter_size=\u00a0\u00bb3&Prime; font_family=\u00a0\u00bbfont-136032&Prime; overlay_alpha=\u00a0\u00bb50&Prime; shift_x=\u00a0\u00bb0&Prime; shift_y=\u00a0\u00bb0&Prime; shift_y_down=\u00a0\u00bb0&Prime; z_index=\u00a0\u00bb0&Prime; medium_width=\u00a0\u00bb0&Prime; mobile_width=\u00a0\u00bb0&Prime; width=\u00a0\u00bb1\/1&Prime; uncode_shortcode_id=\u00a0\u00bb407952&Prime;][vc_column_text uncode_shortcode_id=\u00a0\u00bb125902&Prime;]Renexia a sign\u00e9 un accord avec Seas Geosciences, une soci\u00e9t\u00e9 am\u00e9ricaine sp\u00e9cialis\u00e9e dans l&rsquo;analyse marine, qui contribuera \u00e0 <strong>l&rsquo;acquisition d&rsquo;informations g\u00e9otechniques et g\u00e9ologiques sur les fonds marins dans le d\u00e9troit de Sicile<\/strong>, zone o\u00f9 sera construit le premier parc \u00e9olien flottant offshore de la M\u00e9diterran\u00e9e, <a href=\"https:\/\/medwind.it\/\" target=\"_blank\" rel=\"noopener\">Med Wind.<\/a><\/p>\n<p>De cette mani\u00e8re, la m\u00e9thodologie d&rsquo;amarrage la plus appropri\u00e9e pour les \u00e9oliennes pourra \u00eatre d\u00e9finie et con\u00e7ue, afin de garantir une attention maximale \u00e0 l&rsquo;\u00e9cosyst\u00e8me environnant.<\/p>\n<p>&nbsp;<\/p>\n<p><strong>L&rsquo;INNOVATION AU SERVICE DE L&rsquo;ENVIRONNEMENT<\/strong><\/p>\n<p><strong>Des m\u00e9thodes d&rsquo;\u00e9chantillonnage innovantes avec des syst\u00e8mes t\u00e9l\u00e9command\u00e9s uniques<\/strong> seront utilis\u00e9es pour \u00e9tudier le fond marin par des m\u00e9thodes de p\u00e9n\u00e9tration conique jusqu&rsquo;\u00e0 40 m\u00e8tres sous le niveau du fond marin, dans des eaux de plus de 900 m\u00e8tres de profondeur. Ces travaux fourniront des informations g\u00e9otechniques et g\u00e9ologiques ainsi que des donn\u00e9es sur les risques g\u00e9ologiques sur le site du projet.<\/p>\n<p>L&rsquo;op\u00e9ration d&rsquo;\u00e9chantillonnage sera dirig\u00e9e par Seas Geosciences, une entreprise du <a href=\"https:\/\/woocheen.com\/about\" target=\"_blank\" rel=\"noopener\">Sealaska Woocheen Group<\/a> d\u00e9tenue par des autochtones du sud-est de l&rsquo;Alaska et sp\u00e9cialis\u00e9e dans la fourniture de services g\u00e9otechniques, analytiques et de surveillance ax\u00e9s sur <strong>le d\u00e9veloppement responsable.<\/strong><\/p>\n<p>&nbsp;<\/p>\n<p><strong>LES MOTS DE RICCARDO TOTO, DIRECTEUR G\u00c9N\u00c9RAL DE RENEXIA<\/strong><\/p>\n<p><em>\u00ab\u00a0Nous sommes fiers de pouvoir collaborer avec une entreprise internationale comme Sealaska, qui partage avec Renexia les valeurs de durabilit\u00e9 environnementale et d&rsquo;attention \u00e0 la communaut\u00e9 locale. Renexia, avec Med Wind, a le potentiel de devenir une r\u00e9f\u00e9rence en Italie pour la promotion des \u00e9nergies renouvelables et d&rsquo;encourager la transition \u00e9nerg\u00e9tique dont le pays a besoin. De plus, le projet cr\u00e9era une importante cha\u00eene d&rsquo;approvisionnement qui produira une valeur ajout\u00e9e significative pour l&rsquo;\u00e9conomie locale\u00a0\u00bb<\/em> , a d\u00e9clar\u00e9 Riccardo Toto.<\/p>\n<p>Il s&rsquo;agit d&rsquo;une confirmation du \u00ab\u00a0<strong>mod\u00e8le Renexia<\/strong>\u00a0\u00bb qui consid\u00e8re la durabilit\u00e9 environnementale comme une valeur essentielle sous-jacente \u00e0 chaque projet de Renexia, gr\u00e2ce \u00e0 la recherche scientifique qui permet de prendre des d\u00e9cisions toujours sur la base de donn\u00e9es objectives et incontestables.[\/vc_column_text][\/vc_column][\/vc_row][vc_row unlock_row=\u00a0\u00bb\u00a0\u00bb row_height_percent=\u00a0\u00bb0&Prime; override_padding=\u00a0\u00bbyes\u00a0\u00bb h_padding=\u00a0\u00bb0&Prime; top_padding=\u00a0\u00bb0&Prime; bottom_padding=\u00a0\u00bb0&Prime; overlay_alpha=\u00a0\u00bb50&Prime; gutter_size=\u00a0\u00bb3&Prime; column_width_percent=\u00a0\u00bb100&Prime; shift_y=\u00a0\u00bb0&Prime; z_index=\u00a0\u00bb0&Prime; desktop_visibility=\u00a0\u00bbyes\u00a0\u00bb medium_visibility=\u00a0\u00bbyes\u00a0\u00bb mobile_visibility=\u00a0\u00bbyes\u00a0\u00bb row_height_use_pixel=\u00a0\u00bb\u00a0\u00bb uncode_shortcode_id=\u00a0\u00bb135283&Prime;][vc_column][\/vc_column][\/vc_row]<\/p>\n<\/div>","protected":false},"excerpt":{"rendered":"<p>Renexia a sign\u00e9 un accord avec Seas Geosciences, une soci\u00e9t\u00e9 am\u00e9ricaine sp\u00e9cialis\u00e9e dans l&rsquo;analyse marine, qui contribuera \u00e0 l&rsquo;acquisition d&rsquo;informations g\u00e9otechniques et g\u00e9ologiques sur les fonds marins dans le d\u00e9troit de Sicile<\/p>\n","protected":false},"author":1,"featured_media":121200,"comment_status":"closed","ping_status":"closed","sticky":false,"template":"","format":"standard","meta":{"_acf_changed":false,"footnotes":""},"categories":[143],"tags":[],"location-tag":[],"class_list":["post-132013","post","type-post","status-publish","format-standard","has-post-thumbnail","hentry","category-blog-fr"],"yoast_head":"<!-- This site is optimized with the Yoast SEO plugin v27.2 - https:\/\/yoast.com\/product\/yoast-seo-wordpress\/ -->\n<title>Med Wind, Renexia signe un accord avec Seas Geosciences pour l&#039;analyse des fonds marins- Renexia<\/title>\n<meta name=\"description\" content=\"Lors de son passage \u00e0 Tarente pour parler de la transition \u00e9nerg\u00e9tique et des nouveaux mod\u00e8les industriels, le vice-pr\u00e9sident de la Commission europ\u00e9enne a visit\u00e9 le parc \u00e9olien marin construit par Renexia.\" \/>\n<meta name=\"robots\" content=\"index, follow, max-snippet:-1, max-image-preview:large, max-video-preview:-1\" \/>\n<link rel=\"canonical\" href=\"https:\/\/renexia.it\/fr\/med-wind-renexia-sigla-accordo-con-seas-geosciences-per-lanalisi-dei-fondali\/\" \/>\n<meta property=\"og:locale\" content=\"fr_FR\" \/>\n<meta property=\"og:type\" content=\"article\" \/>\n<meta property=\"og:title\" content=\"Med Wind, Renexia sigla accordo con Seas Geosciences per l\u2019analisi dei fondali\" \/>\n<meta property=\"og:description\" content=\"Renexia a sign\u00e9 un accord avec Seas Geosciences, une soci\u00e9t\u00e9 am\u00e9ricaine sp\u00e9cialis\u00e9e dans l&#039;analyse marine, qui contribuera \u00e0 l&#039;acquisition d&#039;informations g\u00e9otechniques et g\u00e9ologiques sur les fonds marins dans le d\u00e9troit de Sicile\" \/>\n<meta property=\"og:url\" content=\"https:\/\/renexia.it\/fr\/med-wind-renexia-sigla-accordo-con-seas-geosciences-per-lanalisi-dei-fondali\/\" \/>\n<meta property=\"og:site_name\" content=\"Renexia\" \/>\n<meta property=\"article:published_time\" content=\"2023-06-22T09:28:34+00:00\" \/>\n<meta property=\"article:modified_time\" content=\"2023-09-14T11:13:31+00:00\" \/>\n<meta property=\"og:image\" content=\"https:\/\/renexia.it\/wp-content\/uploads\/2023\/07\/Partnership_MedWind-Sealaska_V1-A.jpg\" \/>\n\t<meta property=\"og:image:width\" content=\"1200\" \/>\n\t<meta property=\"og:image:height\" content=\"630\" \/>\n\t<meta property=\"og:image:type\" content=\"image\/jpeg\" \/>\n<meta name=\"author\" content=\"TotoRenexiaEdit\" \/>\n<meta name=\"twitter:card\" content=\"summary_large_image\" \/>\n<meta name=\"twitter:title\" content=\"Med Wind, Renexia signe un accord avec Seas Geosciences pour l&#039;analyse des fonds marins\" \/>\n<meta name=\"twitter:description\" content=\"Renexia a sign\u00e9 un accord avec Seas Geosciences, une soci\u00e9t\u00e9 am\u00e9ricaine sp\u00e9cialis\u00e9e dans l&#039;analyse marine, qui contribuera \u00e0 l&#039;acquisition d&#039;informations g\u00e9otechniques et g\u00e9ologiques sur les fonds marins dans le d\u00e9troit de Sicile\" \/>\n<meta name=\"twitter:image\" content=\"https:\/\/renexia.it\/wp-content\/uploads\/2023\/07\/Partnership_MedWind-Sealaska_V1-A.jpg\" \/>\n<meta name=\"twitter:label1\" content=\"\u00c9crit par\" \/>\n\t<meta name=\"twitter:data1\" content=\"TotoRenexiaEdit\" \/>\n\t<meta name=\"twitter:label2\" content=\"Dur\u00e9e de lecture estim\u00e9e\" \/>\n\t<meta name=\"twitter:data2\" content=\"3 minutes\" \/>\n<script type=\"application\/ld+json\" class=\"yoast-schema-graph\">{\"@context\":\"https:\/\/schema.org\",\"@graph\":[{\"@type\":\"Article\",\"@id\":\"https:\/\/renexia.it\/fr\/med-wind-renexia-sigla-accordo-con-seas-geosciences-per-lanalisi-dei-fondali\/#article\",\"isPartOf\":{\"@id\":\"https:\/\/renexia.it\/fr\/med-wind-renexia-sigla-accordo-con-seas-geosciences-per-lanalisi-dei-fondali\/\"},\"author\":{\"name\":\"TotoRenexiaEdit\",\"@id\":\"https:\/\/renexia.it\/#\/schema\/person\/20be62dd35acd2c0ecd6319108fc2651\"},\"headline\":\"Med Wind, Renexia signe un accord avec Seas Geosciences pour l&rsquo;analyse des fonds marins\",\"datePublished\":\"2023-06-22T09:28:34+00:00\",\"dateModified\":\"2023-09-14T11:13:31+00:00\",\"mainEntityOfPage\":{\"@id\":\"https:\/\/renexia.it\/fr\/med-wind-renexia-sigla-accordo-con-seas-geosciences-per-lanalisi-dei-fondali\/\"},\"wordCount\":690,\"publisher\":{\"@id\":\"https:\/\/renexia.it\/#organization\"},\"image\":{\"@id\":\"https:\/\/renexia.it\/fr\/med-wind-renexia-sigla-accordo-con-seas-geosciences-per-lanalisi-dei-fondali\/#primaryimage\"},\"thumbnailUrl\":\"https:\/\/renexia.it\/wp-content\/uploads\/2023\/06\/Partnership_MedWind-Sealaska_Square.jpg\",\"articleSection\":[\"Blog\"],\"inLanguage\":\"fr-FR\"},{\"@type\":\"WebPage\",\"@id\":\"https:\/\/renexia.it\/fr\/med-wind-renexia-sigla-accordo-con-seas-geosciences-per-lanalisi-dei-fondali\/\",\"url\":\"https:\/\/renexia.it\/fr\/med-wind-renexia-sigla-accordo-con-seas-geosciences-per-lanalisi-dei-fondali\/\",\"name\":\"Med Wind, Renexia signe un accord avec Seas Geosciences pour l'analyse des fonds marins- Renexia\",\"isPartOf\":{\"@id\":\"https:\/\/renexia.it\/#website\"},\"primaryImageOfPage\":{\"@id\":\"https:\/\/renexia.it\/fr\/med-wind-renexia-sigla-accordo-con-seas-geosciences-per-lanalisi-dei-fondali\/#primaryimage\"},\"image\":{\"@id\":\"https:\/\/renexia.it\/fr\/med-wind-renexia-sigla-accordo-con-seas-geosciences-per-lanalisi-dei-fondali\/#primaryimage\"},\"thumbnailUrl\":\"https:\/\/renexia.it\/wp-content\/uploads\/2023\/06\/Partnership_MedWind-Sealaska_Square.jpg\",\"datePublished\":\"2023-06-22T09:28:34+00:00\",\"dateModified\":\"2023-09-14T11:13:31+00:00\",\"description\":\"Lors de son passage \u00e0 Tarente pour parler de la transition \u00e9nerg\u00e9tique et des nouveaux mod\u00e8les industriels, le vice-pr\u00e9sident de la Commission europ\u00e9enne a visit\u00e9 le parc \u00e9olien marin construit par Renexia.\",\"breadcrumb\":{\"@id\":\"https:\/\/renexia.it\/fr\/med-wind-renexia-sigla-accordo-con-seas-geosciences-per-lanalisi-dei-fondali\/#breadcrumb\"},\"inLanguage\":\"fr-FR\",\"potentialAction\":[{\"@type\":\"ReadAction\",\"target\":[\"https:\/\/renexia.it\/fr\/med-wind-renexia-sigla-accordo-con-seas-geosciences-per-lanalisi-dei-fondali\/\"]}]},{\"@type\":\"ImageObject\",\"inLanguage\":\"fr-FR\",\"@id\":\"https:\/\/renexia.it\/fr\/med-wind-renexia-sigla-accordo-con-seas-geosciences-per-lanalisi-dei-fondali\/#primaryimage\",\"url\":\"https:\/\/renexia.it\/wp-content\/uploads\/2023\/06\/Partnership_MedWind-Sealaska_Square.jpg\",\"contentUrl\":\"https:\/\/renexia.it\/wp-content\/uploads\/2023\/06\/Partnership_MedWind-Sealaska_Square.jpg\",\"width\":1200,\"height\":1200},{\"@type\":\"BreadcrumbList\",\"@id\":\"https:\/\/renexia.it\/fr\/med-wind-renexia-sigla-accordo-con-seas-geosciences-per-lanalisi-dei-fondali\/#breadcrumb\",\"itemListElement\":[{\"@type\":\"ListItem\",\"position\":1,\"name\":\"Home\",\"item\":\"https:\/\/renexia.it\/fr\/\"},{\"@type\":\"ListItem\",\"position\":2,\"name\":\"Med Wind, Renexia signe un accord avec Seas Geosciences pour l&rsquo;analyse des fonds marins\"}]},{\"@type\":\"WebSite\",\"@id\":\"https:\/\/renexia.it\/#website\",\"url\":\"https:\/\/renexia.it\/\",\"name\":\"Renexia\",\"description\":\"\u00abFirst-mover\u00bb delle rinnovabili\",\"publisher\":{\"@id\":\"https:\/\/renexia.it\/#organization\"},\"potentialAction\":[{\"@type\":\"SearchAction\",\"target\":{\"@type\":\"EntryPoint\",\"urlTemplate\":\"https:\/\/renexia.it\/?s={search_term_string}\"},\"query-input\":{\"@type\":\"PropertyValueSpecification\",\"valueRequired\":true,\"valueName\":\"search_term_string\"}}],\"inLanguage\":\"fr-FR\"},{\"@type\":\"Organization\",\"@id\":\"https:\/\/renexia.it\/#organization\",\"name\":\"RENEXIA\",\"url\":\"https:\/\/renexia.it\/\",\"logo\":{\"@type\":\"ImageObject\",\"inLanguage\":\"fr-FR\",\"@id\":\"https:\/\/renexia.it\/#\/schema\/logo\/image\/\",\"url\":\"https:\/\/renexia.it\/wp-content\/uploads\/2022\/06\/logo-renexia.png\",\"contentUrl\":\"https:\/\/renexia.it\/wp-content\/uploads\/2022\/06\/logo-renexia.png\",\"width\":300,\"height\":85,\"caption\":\"RENEXIA\"},\"image\":{\"@id\":\"https:\/\/renexia.it\/#\/schema\/logo\/image\/\"}},{\"@type\":\"Person\",\"@id\":\"https:\/\/renexia.it\/#\/schema\/person\/20be62dd35acd2c0ecd6319108fc2651\",\"name\":\"TotoRenexiaEdit\",\"image\":{\"@type\":\"ImageObject\",\"inLanguage\":\"fr-FR\",\"@id\":\"https:\/\/secure.gravatar.com\/avatar\/1319a0b7f8b5a6cfbdbe86e36634860640577d8b1be669b1710e66c1023b3485?s=96&d=mm&r=g\",\"url\":\"https:\/\/secure.gravatar.com\/avatar\/1319a0b7f8b5a6cfbdbe86e36634860640577d8b1be669b1710e66c1023b3485?s=96&d=mm&r=g\",\"contentUrl\":\"https:\/\/secure.gravatar.com\/avatar\/1319a0b7f8b5a6cfbdbe86e36634860640577d8b1be669b1710e66c1023b3485?s=96&d=mm&r=g\",\"caption\":\"TotoRenexiaEdit\"},\"sameAs\":[\"https:\/\/renexia.it\"],\"url\":\"https:\/\/renexia.it\/fr\/author\/totorenexiaedit\/\"}]}<\/script>\n<!-- \/ Yoast SEO plugin. -->","yoast_head_json":{"title":"Med Wind, Renexia signe un accord avec Seas Geosciences pour l'analyse des fonds marins- Renexia","description":"Lors de son passage \u00e0 Tarente pour parler de la transition \u00e9nerg\u00e9tique et des nouveaux mod\u00e8les industriels, le vice-pr\u00e9sident de la Commission europ\u00e9enne a visit\u00e9 le parc \u00e9olien marin construit par Renexia.","robots":{"index":"index","follow":"follow","max-snippet":"max-snippet:-1","max-image-preview":"max-image-preview:large","max-video-preview":"max-video-preview:-1"},"canonical":"https:\/\/renexia.it\/fr\/med-wind-renexia-sigla-accordo-con-seas-geosciences-per-lanalisi-dei-fondali\/","og_locale":"fr_FR","og_type":"article","og_title":"Med Wind, Renexia sigla accordo con Seas Geosciences per l\u2019analisi dei fondali","og_description":"Renexia a sign\u00e9 un accord avec Seas Geosciences, une soci\u00e9t\u00e9 am\u00e9ricaine sp\u00e9cialis\u00e9e dans l'analyse marine, qui contribuera \u00e0 l'acquisition d'informations g\u00e9otechniques et g\u00e9ologiques sur les fonds marins dans le d\u00e9troit de Sicile","og_url":"https:\/\/renexia.it\/fr\/med-wind-renexia-sigla-accordo-con-seas-geosciences-per-lanalisi-dei-fondali\/","og_site_name":"Renexia","article_published_time":"2023-06-22T09:28:34+00:00","article_modified_time":"2023-09-14T11:13:31+00:00","og_image":[{"width":1200,"height":630,"url":"https:\/\/renexia.it\/wp-content\/uploads\/2023\/07\/Partnership_MedWind-Sealaska_V1-A.jpg","type":"image\/jpeg"}],"author":"TotoRenexiaEdit","twitter_card":"summary_large_image","twitter_title":"Med Wind, Renexia signe un accord avec Seas Geosciences pour l'analyse des fonds marins","twitter_description":"Renexia a sign\u00e9 un accord avec Seas Geosciences, une soci\u00e9t\u00e9 am\u00e9ricaine sp\u00e9cialis\u00e9e dans l'analyse marine, qui contribuera \u00e0 l'acquisition d'informations g\u00e9otechniques et g\u00e9ologiques sur les fonds marins dans le d\u00e9troit de Sicile","twitter_image":"https:\/\/renexia.it\/wp-content\/uploads\/2023\/07\/Partnership_MedWind-Sealaska_V1-A.jpg","twitter_misc":{"\u00c9crit par":"TotoRenexiaEdit","Dur\u00e9e de lecture estim\u00e9e":"3 minutes"},"schema":{"@context":"https:\/\/schema.org","@graph":[{"@type":"Article","@id":"https:\/\/renexia.it\/fr\/med-wind-renexia-sigla-accordo-con-seas-geosciences-per-lanalisi-dei-fondali\/#article","isPartOf":{"@id":"https:\/\/renexia.it\/fr\/med-wind-renexia-sigla-accordo-con-seas-geosciences-per-lanalisi-dei-fondali\/"},"author":{"name":"TotoRenexiaEdit","@id":"https:\/\/renexia.it\/#\/schema\/person\/20be62dd35acd2c0ecd6319108fc2651"},"headline":"Med Wind, Renexia signe un accord avec Seas Geosciences pour l&rsquo;analyse des fonds marins","datePublished":"2023-06-22T09:28:34+00:00","dateModified":"2023-09-14T11:13:31+00:00","mainEntityOfPage":{"@id":"https:\/\/renexia.it\/fr\/med-wind-renexia-sigla-accordo-con-seas-geosciences-per-lanalisi-dei-fondali\/"},"wordCount":690,"publisher":{"@id":"https:\/\/renexia.it\/#organization"},"image":{"@id":"https:\/\/renexia.it\/fr\/med-wind-renexia-sigla-accordo-con-seas-geosciences-per-lanalisi-dei-fondali\/#primaryimage"},"thumbnailUrl":"https:\/\/renexia.it\/wp-content\/uploads\/2023\/06\/Partnership_MedWind-Sealaska_Square.jpg","articleSection":["Blog"],"inLanguage":"fr-FR"},{"@type":"WebPage","@id":"https:\/\/renexia.it\/fr\/med-wind-renexia-sigla-accordo-con-seas-geosciences-per-lanalisi-dei-fondali\/","url":"https:\/\/renexia.it\/fr\/med-wind-renexia-sigla-accordo-con-seas-geosciences-per-lanalisi-dei-fondali\/","name":"Med Wind, Renexia signe un accord avec Seas Geosciences pour l'analyse des fonds marins- Renexia","isPartOf":{"@id":"https:\/\/renexia.it\/#website"},"primaryImageOfPage":{"@id":"https:\/\/renexia.it\/fr\/med-wind-renexia-sigla-accordo-con-seas-geosciences-per-lanalisi-dei-fondali\/#primaryimage"},"image":{"@id":"https:\/\/renexia.it\/fr\/med-wind-renexia-sigla-accordo-con-seas-geosciences-per-lanalisi-dei-fondali\/#primaryimage"},"thumbnailUrl":"https:\/\/renexia.it\/wp-content\/uploads\/2023\/06\/Partnership_MedWind-Sealaska_Square.jpg","datePublished":"2023-06-22T09:28:34+00:00","dateModified":"2023-09-14T11:13:31+00:00","description":"Lors de son passage \u00e0 Tarente pour parler de la transition \u00e9nerg\u00e9tique et des nouveaux mod\u00e8les industriels, le vice-pr\u00e9sident de la Commission europ\u00e9enne a visit\u00e9 le parc \u00e9olien marin construit par Renexia.","breadcrumb":{"@id":"https:\/\/renexia.it\/fr\/med-wind-renexia-sigla-accordo-con-seas-geosciences-per-lanalisi-dei-fondali\/#breadcrumb"},"inLanguage":"fr-FR","potentialAction":[{"@type":"ReadAction","target":["https:\/\/renexia.it\/fr\/med-wind-renexia-sigla-accordo-con-seas-geosciences-per-lanalisi-dei-fondali\/"]}]},{"@type":"ImageObject","inLanguage":"fr-FR","@id":"https:\/\/renexia.it\/fr\/med-wind-renexia-sigla-accordo-con-seas-geosciences-per-lanalisi-dei-fondali\/#primaryimage","url":"https:\/\/renexia.it\/wp-content\/uploads\/2023\/06\/Partnership_MedWind-Sealaska_Square.jpg","contentUrl":"https:\/\/renexia.it\/wp-content\/uploads\/2023\/06\/Partnership_MedWind-Sealaska_Square.jpg","width":1200,"height":1200},{"@type":"BreadcrumbList","@id":"https:\/\/renexia.it\/fr\/med-wind-renexia-sigla-accordo-con-seas-geosciences-per-lanalisi-dei-fondali\/#breadcrumb","itemListElement":[{"@type":"ListItem","position":1,"name":"Home","item":"https:\/\/renexia.it\/fr\/"},{"@type":"ListItem","position":2,"name":"Med Wind, Renexia signe un accord avec Seas Geosciences pour l&rsquo;analyse des fonds marins"}]},{"@type":"WebSite","@id":"https:\/\/renexia.it\/#website","url":"https:\/\/renexia.it\/","name":"Renexia","description":"\u00abFirst-mover\u00bb delle rinnovabili","publisher":{"@id":"https:\/\/renexia.it\/#organization"},"potentialAction":[{"@type":"SearchAction","target":{"@type":"EntryPoint","urlTemplate":"https:\/\/renexia.it\/?s={search_term_string}"},"query-input":{"@type":"PropertyValueSpecification","valueRequired":true,"valueName":"search_term_string"}}],"inLanguage":"fr-FR"},{"@type":"Organization","@id":"https:\/\/renexia.it\/#organization","name":"RENEXIA","url":"https:\/\/renexia.it\/","logo":{"@type":"ImageObject","inLanguage":"fr-FR","@id":"https:\/\/renexia.it\/#\/schema\/logo\/image\/","url":"https:\/\/renexia.it\/wp-content\/uploads\/2022\/06\/logo-renexia.png","contentUrl":"https:\/\/renexia.it\/wp-content\/uploads\/2022\/06\/logo-renexia.png","width":300,"height":85,"caption":"RENEXIA"},"image":{"@id":"https:\/\/renexia.it\/#\/schema\/logo\/image\/"}},{"@type":"Person","@id":"https:\/\/renexia.it\/#\/schema\/person\/20be62dd35acd2c0ecd6319108fc2651","name":"TotoRenexiaEdit","image":{"@type":"ImageObject","inLanguage":"fr-FR","@id":"https:\/\/secure.gravatar.com\/avatar\/1319a0b7f8b5a6cfbdbe86e36634860640577d8b1be669b1710e66c1023b3485?s=96&d=mm&r=g","url":"https:\/\/secure.gravatar.com\/avatar\/1319a0b7f8b5a6cfbdbe86e36634860640577d8b1be669b1710e66c1023b3485?s=96&d=mm&r=g","contentUrl":"https:\/\/secure.gravatar.com\/avatar\/1319a0b7f8b5a6cfbdbe86e36634860640577d8b1be669b1710e66c1023b3485?s=96&d=mm&r=g","caption":"TotoRenexiaEdit"},"sameAs":["https:\/\/renexia.it"],"url":"https:\/\/renexia.it\/fr\/author\/totorenexiaedit\/"}]}},"acf":[],"_links":{"self":[{"href":"https:\/\/renexia.it\/fr\/wp-json\/wp\/v2\/posts\/132013","targetHints":{"allow":["GET"]}}],"collection":[{"href":"https:\/\/renexia.it\/fr\/wp-json\/wp\/v2\/posts"}],"about":[{"href":"https:\/\/renexia.it\/fr\/wp-json\/wp\/v2\/types\/post"}],"author":[{"embeddable":true,"href":"https:\/\/renexia.it\/fr\/wp-json\/wp\/v2\/users\/1"}],"replies":[{"embeddable":true,"href":"https:\/\/renexia.it\/fr\/wp-json\/wp\/v2\/comments?post=132013"}],"version-history":[{"count":3,"href":"https:\/\/renexia.it\/fr\/wp-json\/wp\/v2\/posts\/132013\/revisions"}],"predecessor-version":[{"id":132498,"href":"https:\/\/renexia.it\/fr\/wp-json\/wp\/v2\/posts\/132013\/revisions\/132498"}],"wp:featuredmedia":[{"embeddable":true,"href":"https:\/\/renexia.it\/fr\/wp-json\/wp\/v2\/media\/121200"}],"wp:attachment":[{"href":"https:\/\/renexia.it\/fr\/wp-json\/wp\/v2\/media?parent=132013"}],"wp:term":[{"taxonomy":"category","embeddable":true,"href":"https:\/\/renexia.it\/fr\/wp-json\/wp\/v2\/categories?post=132013"},{"taxonomy":"post_tag","embeddable":true,"href":"https:\/\/renexia.it\/fr\/wp-json\/wp\/v2\/tags?post=132013"},{"taxonomy":"location-tag","embeddable":true,"href":"https:\/\/renexia.it\/fr\/wp-json\/wp\/v2\/location-tag?post=132013"}],"curies":[{"name":"wp","href":"https:\/\/api.w.org\/{rel}","templated":true}]}}