{"id":131526,"date":"2022-04-22T12:39:07","date_gmt":"2022-04-22T10:39:07","guid":{"rendered":"https:\/\/renexia.it\/taranto-avvia-il-maxi-parco-eolico-in-mare\/"},"modified":"2023-09-06T13:23:04","modified_gmt":"2023-09-06T11:23:04","slug":"taranto-avvia-il-maxi-parco-eolico-in-mare","status":"publish","type":"post","link":"https:\/\/renexia.it\/fr\/taranto-avvia-il-maxi-parco-eolico-in-mare\/","title":{"rendered":"Il Sole 24 Ore \u2013 Taranto avvia il maxi parco eolico in mare."},"content":{"rendered":"<div class=\"wpb-content-wrapper\"><p>[vc_row][vc_column width=\u00a0\u00bb1\/1&Prime;][uncode_breadcrumbs text_lead=\u00a0\u00bbsmall\u00a0\u00bb][\/vc_column][\/vc_row][vc_row row_height_percent=\u00a0\u00bb0&Prime; overlay_alpha=\u00a0\u00bb50&Prime; gutter_size=\u00a0\u00bb3&Prime; column_width_percent=\u00a0\u00bb100&Prime; shift_y=\u00a0\u00bb0&Prime; z_index=\u00a0\u00bb0&Prime; uncode_shortcode_id=\u00a0\u00bb119632&Prime; shape_dividers=\u00a0\u00bb\u00a0\u00bb][vc_column][uncode_info_box items=\u00a0\u00bbDate\u00a0\u00bb][vc_custom_heading auto_text=\u00a0\u00bbyes\u00a0\u00bb uncode_shortcode_id=\u00a0\u00bb148406&Prime;]This is a custom heading element.[\/vc_custom_heading][vc_column_text uncode_shortcode_id=\u00a0\u00bb537618&Prime;]Le parc \u00e9olien offshore inaugur\u00e9 hier \u00e0 Tarente fournira au port de l&rsquo;\u00e9nergie provenant de sources renouvelables. C&rsquo;est ce que pr\u00e9voit un accord sign\u00e9 entre la soci\u00e9t\u00e9 Renexia du groupe Toto, propri\u00e9taire du parc \u2026[\/vc_column_text][vc_single_image media=\u00a0\u00bb110702&Prime; media_width_percent=\u00a0\u00bb49&Prime; uncode_shortcode_id=\u00a0\u00bb170169&Prime; media_link=\u00a0\u00bburl:https%3A%2F%2Frenexia.it%2Fwp-content%2Fuploads%2F2020%2F03%2Ftaranto-avvia-il-maxi-parco-eolico-in-mare.pdf|target:_blank\u00a0\u00bb][\/vc_column][\/vc_row]<\/p>\n<\/div>","protected":false},"excerpt":{"rendered":"<p>Le parc \u00e9olien offshore inaugur\u00e9 hier \u00e0 Tarente fournira au port de l&rsquo;\u00e9nergie provenant de sources renouvelables. C&rsquo;est ce que pr\u00e9voit un accord sign\u00e9 entre la soci\u00e9t\u00e9 Renexia du groupe Toto, propri\u00e9taire du parc \u2026<\/p>\n","protected":false},"author":1,"featured_media":111484,"comment_status":"closed","ping_status":"closed","sticky":false,"template":"","format":"standard","meta":{"_acf_changed":false,"footnotes":""},"categories":[98],"tags":[],"location-tag":[],"class_list":["post-131526","post","type-post","status-publish","format-standard","has-post-thumbnail","hentry","category-ce-quon-dit"],"yoast_head":"<!-- This site is optimized with the Yoast SEO plugin v27.2 - https:\/\/yoast.com\/product\/yoast-seo-wordpress\/ -->\n<title>Il Sole 24 Ore \u2013 Taranto avvia il maxi parco eolico in mare. - Renexia<\/title>\n<meta name=\"robots\" content=\"index, follow, max-snippet:-1, max-image-preview:large, max-video-preview:-1\" \/>\n<link rel=\"canonical\" href=\"https:\/\/renexia.it\/taranto-avvia-il-maxi-parco-eolico-in-mare\/\" \/>\n<meta property=\"og:locale\" content=\"fr_FR\" \/>\n<meta property=\"og:type\" content=\"article\" \/>\n<meta property=\"og:title\" content=\"Il Sole 24 Ore \u2013 Taranto avvia il maxi parco eolico in mare. - Renexia\" \/>\n<meta property=\"og:description\" content=\"Le parc \u00e9olien offshore inaugur\u00e9 hier \u00e0 Tarente fournira au port de l&#039;\u00e9nergie provenant de sources renouvelables. C&#039;est ce que pr\u00e9voit un accord sign\u00e9 entre la soci\u00e9t\u00e9 Renexia du groupe Toto, propri\u00e9taire du parc \u2026\" \/>\n<meta property=\"og:url\" content=\"https:\/\/renexia.it\/taranto-avvia-il-maxi-parco-eolico-in-mare\/\" \/>\n<meta property=\"og:site_name\" content=\"Renexia\" \/>\n<meta property=\"article:published_time\" content=\"2022-04-22T10:39:07+00:00\" \/>\n<meta property=\"article:modified_time\" content=\"2023-09-06T11:23:04+00:00\" \/>\n<meta property=\"og:image\" content=\"https:\/\/renexia.it\/wp-content\/uploads\/2020\/03\/anteprima-taranto-avvia-il-maxi-parco-eolico-in-mare.jpg\" \/>\n\t<meta property=\"og:image:width\" content=\"800\" \/>\n\t<meta property=\"og:image:height\" content=\"1132\" \/>\n\t<meta property=\"og:image:type\" content=\"image\/jpeg\" \/>\n<meta name=\"author\" content=\"TotoRenexiaEdit\" \/>\n<meta name=\"twitter:card\" content=\"summary_large_image\" \/>\n<meta name=\"twitter:label1\" content=\"\u00c9crit par\" \/>\n\t<meta name=\"twitter:data1\" content=\"TotoRenexiaEdit\" \/>\n\t<meta name=\"twitter:label2\" content=\"Dur\u00e9e de lecture estim\u00e9e\" \/>\n\t<meta name=\"twitter:data2\" content=\"1 minute\" \/>\n<script type=\"application\/ld+json\" class=\"yoast-schema-graph\">{\"@context\":\"https:\/\/schema.org\",\"@graph\":[{\"@type\":\"Article\",\"@id\":\"https:\/\/renexia.it\/taranto-avvia-il-maxi-parco-eolico-in-mare\/#article\",\"isPartOf\":{\"@id\":\"https:\/\/renexia.it\/taranto-avvia-il-maxi-parco-eolico-in-mare\/\"},\"author\":{\"name\":\"TotoRenexiaEdit\",\"@id\":\"https:\/\/renexia.it\/#\/schema\/person\/20be62dd35acd2c0ecd6319108fc2651\"},\"headline\":\"Il Sole 24 Ore \u2013 Taranto avvia il maxi parco eolico in mare.\",\"datePublished\":\"2022-04-22T10:39:07+00:00\",\"dateModified\":\"2023-09-06T11:23:04+00:00\",\"mainEntityOfPage\":{\"@id\":\"https:\/\/renexia.it\/taranto-avvia-il-maxi-parco-eolico-in-mare\/\"},\"wordCount\":148,\"publisher\":{\"@id\":\"https:\/\/renexia.it\/#organization\"},\"image\":{\"@id\":\"https:\/\/renexia.it\/taranto-avvia-il-maxi-parco-eolico-in-mare\/#primaryimage\"},\"thumbnailUrl\":\"https:\/\/renexia.it\/wp-content\/uploads\/2020\/03\/anteprima-taranto-avvia-il-maxi-parco-eolico-in-mare.jpg\",\"articleSection\":[\"ce qu\u2019on dit\"],\"inLanguage\":\"fr-FR\"},{\"@type\":\"WebPage\",\"@id\":\"https:\/\/renexia.it\/taranto-avvia-il-maxi-parco-eolico-in-mare\/\",\"url\":\"https:\/\/renexia.it\/taranto-avvia-il-maxi-parco-eolico-in-mare\/\",\"name\":\"Il Sole 24 Ore \u2013 Taranto avvia il maxi parco eolico in mare. - Renexia\",\"isPartOf\":{\"@id\":\"https:\/\/renexia.it\/#website\"},\"primaryImageOfPage\":{\"@id\":\"https:\/\/renexia.it\/taranto-avvia-il-maxi-parco-eolico-in-mare\/#primaryimage\"},\"image\":{\"@id\":\"https:\/\/renexia.it\/taranto-avvia-il-maxi-parco-eolico-in-mare\/#primaryimage\"},\"thumbnailUrl\":\"https:\/\/renexia.it\/wp-content\/uploads\/2020\/03\/anteprima-taranto-avvia-il-maxi-parco-eolico-in-mare.jpg\",\"datePublished\":\"2022-04-22T10:39:07+00:00\",\"dateModified\":\"2023-09-06T11:23:04+00:00\",\"breadcrumb\":{\"@id\":\"https:\/\/renexia.it\/taranto-avvia-il-maxi-parco-eolico-in-mare\/#breadcrumb\"},\"inLanguage\":\"fr-FR\",\"potentialAction\":[{\"@type\":\"ReadAction\",\"target\":[\"https:\/\/renexia.it\/taranto-avvia-il-maxi-parco-eolico-in-mare\/\"]}]},{\"@type\":\"ImageObject\",\"inLanguage\":\"fr-FR\",\"@id\":\"https:\/\/renexia.it\/taranto-avvia-il-maxi-parco-eolico-in-mare\/#primaryimage\",\"url\":\"https:\/\/renexia.it\/wp-content\/uploads\/2020\/03\/anteprima-taranto-avvia-il-maxi-parco-eolico-in-mare.jpg\",\"contentUrl\":\"https:\/\/renexia.it\/wp-content\/uploads\/2020\/03\/anteprima-taranto-avvia-il-maxi-parco-eolico-in-mare.jpg\",\"width\":800,\"height\":1132},{\"@type\":\"BreadcrumbList\",\"@id\":\"https:\/\/renexia.it\/taranto-avvia-il-maxi-parco-eolico-in-mare\/#breadcrumb\",\"itemListElement\":[{\"@type\":\"ListItem\",\"position\":1,\"name\":\"Home\",\"item\":\"https:\/\/renexia.it\/fr\/\"},{\"@type\":\"ListItem\",\"position\":2,\"name\":\"Il Sole 24 Ore \u2013 Taranto avvia il maxi parco eolico in mare.\"}]},{\"@type\":\"WebSite\",\"@id\":\"https:\/\/renexia.it\/#website\",\"url\":\"https:\/\/renexia.it\/\",\"name\":\"Renexia\",\"description\":\"\u00abFirst-mover\u00bb delle rinnovabili\",\"publisher\":{\"@id\":\"https:\/\/renexia.it\/#organization\"},\"potentialAction\":[{\"@type\":\"SearchAction\",\"target\":{\"@type\":\"EntryPoint\",\"urlTemplate\":\"https:\/\/renexia.it\/?s={search_term_string}\"},\"query-input\":{\"@type\":\"PropertyValueSpecification\",\"valueRequired\":true,\"valueName\":\"search_term_string\"}}],\"inLanguage\":\"fr-FR\"},{\"@type\":\"Organization\",\"@id\":\"https:\/\/renexia.it\/#organization\",\"name\":\"RENEXIA\",\"url\":\"https:\/\/renexia.it\/\",\"logo\":{\"@type\":\"ImageObject\",\"inLanguage\":\"fr-FR\",\"@id\":\"https:\/\/renexia.it\/#\/schema\/logo\/image\/\",\"url\":\"https:\/\/renexia.it\/wp-content\/uploads\/2022\/06\/logo-renexia.png\",\"contentUrl\":\"https:\/\/renexia.it\/wp-content\/uploads\/2022\/06\/logo-renexia.png\",\"width\":300,\"height\":85,\"caption\":\"RENEXIA\"},\"image\":{\"@id\":\"https:\/\/renexia.it\/#\/schema\/logo\/image\/\"}},{\"@type\":\"Person\",\"@id\":\"https:\/\/renexia.it\/#\/schema\/person\/20be62dd35acd2c0ecd6319108fc2651\",\"name\":\"TotoRenexiaEdit\",\"image\":{\"@type\":\"ImageObject\",\"inLanguage\":\"fr-FR\",\"@id\":\"https:\/\/secure.gravatar.com\/avatar\/1319a0b7f8b5a6cfbdbe86e36634860640577d8b1be669b1710e66c1023b3485?s=96&d=mm&r=g\",\"url\":\"https:\/\/secure.gravatar.com\/avatar\/1319a0b7f8b5a6cfbdbe86e36634860640577d8b1be669b1710e66c1023b3485?s=96&d=mm&r=g\",\"contentUrl\":\"https:\/\/secure.gravatar.com\/avatar\/1319a0b7f8b5a6cfbdbe86e36634860640577d8b1be669b1710e66c1023b3485?s=96&d=mm&r=g\",\"caption\":\"TotoRenexiaEdit\"},\"sameAs\":[\"https:\/\/renexia.it\"],\"url\":\"https:\/\/renexia.it\/fr\/author\/totorenexiaedit\/\"}]}<\/script>\n<!-- \/ Yoast SEO plugin. -->","yoast_head_json":{"title":"Il Sole 24 Ore \u2013 Taranto avvia il maxi parco eolico in mare. - Renexia","robots":{"index":"index","follow":"follow","max-snippet":"max-snippet:-1","max-image-preview":"max-image-preview:large","max-video-preview":"max-video-preview:-1"},"canonical":"https:\/\/renexia.it\/taranto-avvia-il-maxi-parco-eolico-in-mare\/","og_locale":"fr_FR","og_type":"article","og_title":"Il Sole 24 Ore \u2013 Taranto avvia il maxi parco eolico in mare. - Renexia","og_description":"Le parc \u00e9olien offshore inaugur\u00e9 hier \u00e0 Tarente fournira au port de l'\u00e9nergie provenant de sources renouvelables. C'est ce que pr\u00e9voit un accord sign\u00e9 entre la soci\u00e9t\u00e9 Renexia du groupe Toto, propri\u00e9taire du parc \u2026","og_url":"https:\/\/renexia.it\/taranto-avvia-il-maxi-parco-eolico-in-mare\/","og_site_name":"Renexia","article_published_time":"2022-04-22T10:39:07+00:00","article_modified_time":"2023-09-06T11:23:04+00:00","og_image":[{"width":800,"height":1132,"url":"https:\/\/renexia.it\/wp-content\/uploads\/2020\/03\/anteprima-taranto-avvia-il-maxi-parco-eolico-in-mare.jpg","type":"image\/jpeg"}],"author":"TotoRenexiaEdit","twitter_card":"summary_large_image","twitter_misc":{"\u00c9crit par":"TotoRenexiaEdit","Dur\u00e9e de lecture estim\u00e9e":"1 minute"},"schema":{"@context":"https:\/\/schema.org","@graph":[{"@type":"Article","@id":"https:\/\/renexia.it\/taranto-avvia-il-maxi-parco-eolico-in-mare\/#article","isPartOf":{"@id":"https:\/\/renexia.it\/taranto-avvia-il-maxi-parco-eolico-in-mare\/"},"author":{"name":"TotoRenexiaEdit","@id":"https:\/\/renexia.it\/#\/schema\/person\/20be62dd35acd2c0ecd6319108fc2651"},"headline":"Il Sole 24 Ore \u2013 Taranto avvia il maxi parco eolico in mare.","datePublished":"2022-04-22T10:39:07+00:00","dateModified":"2023-09-06T11:23:04+00:00","mainEntityOfPage":{"@id":"https:\/\/renexia.it\/taranto-avvia-il-maxi-parco-eolico-in-mare\/"},"wordCount":148,"publisher":{"@id":"https:\/\/renexia.it\/#organization"},"image":{"@id":"https:\/\/renexia.it\/taranto-avvia-il-maxi-parco-eolico-in-mare\/#primaryimage"},"thumbnailUrl":"https:\/\/renexia.it\/wp-content\/uploads\/2020\/03\/anteprima-taranto-avvia-il-maxi-parco-eolico-in-mare.jpg","articleSection":["ce qu\u2019on dit"],"inLanguage":"fr-FR"},{"@type":"WebPage","@id":"https:\/\/renexia.it\/taranto-avvia-il-maxi-parco-eolico-in-mare\/","url":"https:\/\/renexia.it\/taranto-avvia-il-maxi-parco-eolico-in-mare\/","name":"Il Sole 24 Ore \u2013 Taranto avvia il maxi parco eolico in mare. - Renexia","isPartOf":{"@id":"https:\/\/renexia.it\/#website"},"primaryImageOfPage":{"@id":"https:\/\/renexia.it\/taranto-avvia-il-maxi-parco-eolico-in-mare\/#primaryimage"},"image":{"@id":"https:\/\/renexia.it\/taranto-avvia-il-maxi-parco-eolico-in-mare\/#primaryimage"},"thumbnailUrl":"https:\/\/renexia.it\/wp-content\/uploads\/2020\/03\/anteprima-taranto-avvia-il-maxi-parco-eolico-in-mare.jpg","datePublished":"2022-04-22T10:39:07+00:00","dateModified":"2023-09-06T11:23:04+00:00","breadcrumb":{"@id":"https:\/\/renexia.it\/taranto-avvia-il-maxi-parco-eolico-in-mare\/#breadcrumb"},"inLanguage":"fr-FR","potentialAction":[{"@type":"ReadAction","target":["https:\/\/renexia.it\/taranto-avvia-il-maxi-parco-eolico-in-mare\/"]}]},{"@type":"ImageObject","inLanguage":"fr-FR","@id":"https:\/\/renexia.it\/taranto-avvia-il-maxi-parco-eolico-in-mare\/#primaryimage","url":"https:\/\/renexia.it\/wp-content\/uploads\/2020\/03\/anteprima-taranto-avvia-il-maxi-parco-eolico-in-mare.jpg","contentUrl":"https:\/\/renexia.it\/wp-content\/uploads\/2020\/03\/anteprima-taranto-avvia-il-maxi-parco-eolico-in-mare.jpg","width":800,"height":1132},{"@type":"BreadcrumbList","@id":"https:\/\/renexia.it\/taranto-avvia-il-maxi-parco-eolico-in-mare\/#breadcrumb","itemListElement":[{"@type":"ListItem","position":1,"name":"Home","item":"https:\/\/renexia.it\/fr\/"},{"@type":"ListItem","position":2,"name":"Il Sole 24 Ore \u2013 Taranto avvia il maxi parco eolico in mare."}]},{"@type":"WebSite","@id":"https:\/\/renexia.it\/#website","url":"https:\/\/renexia.it\/","name":"Renexia","description":"\u00abFirst-mover\u00bb delle rinnovabili","publisher":{"@id":"https:\/\/renexia.it\/#organization"},"potentialAction":[{"@type":"SearchAction","target":{"@type":"EntryPoint","urlTemplate":"https:\/\/renexia.it\/?s={search_term_string}"},"query-input":{"@type":"PropertyValueSpecification","valueRequired":true,"valueName":"search_term_string"}}],"inLanguage":"fr-FR"},{"@type":"Organization","@id":"https:\/\/renexia.it\/#organization","name":"RENEXIA","url":"https:\/\/renexia.it\/","logo":{"@type":"ImageObject","inLanguage":"fr-FR","@id":"https:\/\/renexia.it\/#\/schema\/logo\/image\/","url":"https:\/\/renexia.it\/wp-content\/uploads\/2022\/06\/logo-renexia.png","contentUrl":"https:\/\/renexia.it\/wp-content\/uploads\/2022\/06\/logo-renexia.png","width":300,"height":85,"caption":"RENEXIA"},"image":{"@id":"https:\/\/renexia.it\/#\/schema\/logo\/image\/"}},{"@type":"Person","@id":"https:\/\/renexia.it\/#\/schema\/person\/20be62dd35acd2c0ecd6319108fc2651","name":"TotoRenexiaEdit","image":{"@type":"ImageObject","inLanguage":"fr-FR","@id":"https:\/\/secure.gravatar.com\/avatar\/1319a0b7f8b5a6cfbdbe86e36634860640577d8b1be669b1710e66c1023b3485?s=96&d=mm&r=g","url":"https:\/\/secure.gravatar.com\/avatar\/1319a0b7f8b5a6cfbdbe86e36634860640577d8b1be669b1710e66c1023b3485?s=96&d=mm&r=g","contentUrl":"https:\/\/secure.gravatar.com\/avatar\/1319a0b7f8b5a6cfbdbe86e36634860640577d8b1be669b1710e66c1023b3485?s=96&d=mm&r=g","caption":"TotoRenexiaEdit"},"sameAs":["https:\/\/renexia.it"],"url":"https:\/\/renexia.it\/fr\/author\/totorenexiaedit\/"}]}},"acf":[],"_links":{"self":[{"href":"https:\/\/renexia.it\/fr\/wp-json\/wp\/v2\/posts\/131526","targetHints":{"allow":["GET"]}}],"collection":[{"href":"https:\/\/renexia.it\/fr\/wp-json\/wp\/v2\/posts"}],"about":[{"href":"https:\/\/renexia.it\/fr\/wp-json\/wp\/v2\/types\/post"}],"author":[{"embeddable":true,"href":"https:\/\/renexia.it\/fr\/wp-json\/wp\/v2\/users\/1"}],"replies":[{"embeddable":true,"href":"https:\/\/renexia.it\/fr\/wp-json\/wp\/v2\/comments?post=131526"}],"version-history":[{"count":8,"href":"https:\/\/renexia.it\/fr\/wp-json\/wp\/v2\/posts\/131526\/revisions"}],"predecessor-version":[{"id":132059,"href":"https:\/\/renexia.it\/fr\/wp-json\/wp\/v2\/posts\/131526\/revisions\/132059"}],"wp:featuredmedia":[{"embeddable":true,"href":"https:\/\/renexia.it\/fr\/wp-json\/wp\/v2\/media\/111484"}],"wp:attachment":[{"href":"https:\/\/renexia.it\/fr\/wp-json\/wp\/v2\/media?parent=131526"}],"wp:term":[{"taxonomy":"category","embeddable":true,"href":"https:\/\/renexia.it\/fr\/wp-json\/wp\/v2\/categories?post=131526"},{"taxonomy":"post_tag","embeddable":true,"href":"https:\/\/renexia.it\/fr\/wp-json\/wp\/v2\/tags?post=131526"},{"taxonomy":"location-tag","embeddable":true,"href":"https:\/\/renexia.it\/fr\/wp-json\/wp\/v2\/location-tag?post=131526"}],"curies":[{"name":"wp","href":"https:\/\/api.w.org\/{rel}","templated":true}]}}