{"id":111800,"date":"2012-02-01T08:36:34","date_gmt":"2012-02-01T07:36:34","guid":{"rendered":"https:\/\/renexia.it\/energia-ambiente\/"},"modified":"2022-07-03T19:40:23","modified_gmt":"2022-07-03T17:40:23","slug":"energia-ambiente","status":"publish","type":"post","link":"https:\/\/renexia.it\/fr\/energia-ambiente\/","title":{"rendered":"Energia &#038; Ambiente"},"content":{"rendered":"<div class=\"wpb-content-wrapper\"><p>[vc_row row_height_percent=\u00a0\u00bb0&Prime; back_color=\u00a0\u00bbcolor-lxmt\u00a0\u00bb overlay_alpha=\u00a0\u00bb50&Prime; gutter_size=\u00a0\u00bb3&Prime; column_width_percent=\u00a0\u00bb100&Prime; shift_y=\u00a0\u00bb0&Prime; z_index=\u00a0\u00bb0&Prime; uncode_shortcode_id=\u00a0\u00bb120970&Prime; back_color_type=\u00a0\u00bbuncode-palette\u00a0\u00bb][vc_column][uncode_info_box items=\u00a0\u00bbDate,Categories\u00a0\u00bb][vc_custom_heading auto_text=\u00a0\u00bbyes\u00a0\u00bb uncode_shortcode_id=\u00a0\u00bb148406&Prime;]This is a custom heading element.[\/vc_custom_heading][vc_column_text uncode_shortcode_id=\u00a0\u00bb852174&Prime;]A Eboli, le troisi\u00e8me plus grand parc photovolta\u00efque d\u2019Italie. Avec une capacit\u00e9 nominale totale de 24 MW, la centrale produira environ 33 000 MWH d\u2019\u00e9lectricit\u00e9 par an.<\/p>\n<p><strong><a href=\"https:\/\/renexia.it\/wp-content\/uploads\/2017\/08\/Articolo_Monteboli.pdf\">Lire la suite<\/a><\/strong>[\/vc_column_text][vc_single_image media=\u00a0\u00bb111148&Prime; media_width_percent=\u00a0\u00bb24&Prime; uncode_shortcode_id=\u00a0\u00bb687035&Prime; media_link=\u00a0\u00bburl:https%3A%2F%2Frenexia.it%2Fwp-content%2Fuploads%2F2022%2F06%2FEnergia-e-Ambiente-Articolo_Monteboli.pdf|target:_blank\u00a0\u00bb][\/vc_column][\/vc_row]<\/p>\n<\/div>","protected":false},"excerpt":{"rendered":"<p>A Eboli, le troisi\u00e8me plus grand parc photovolta\u00efque d&rsquo;Italie. Avec une capacit\u00e9 nominale totale de 24 MW, la centrale produira environ 33 000 MWH d&rsquo;\u00e9lectricit\u00e9 par an. Lire la suite  <\/p>\n","protected":false},"author":1,"featured_media":111596,"comment_status":"closed","ping_status":"closed","sticky":false,"template":"","format":"standard","meta":{"_acf_changed":false,"footnotes":""},"categories":[98],"tags":[],"location-tag":[],"class_list":["post-111800","post","type-post","status-publish","format-standard","has-post-thumbnail","hentry","category-ce-quon-dit"],"yoast_head":"<!-- This site is optimized with the Yoast SEO plugin v27.2 - https:\/\/yoast.com\/product\/yoast-seo-wordpress\/ -->\n<title>Energia &amp; Ambiente - Renexia<\/title>\n<meta name=\"robots\" content=\"index, follow, max-snippet:-1, max-image-preview:large, max-video-preview:-1\" \/>\n<link rel=\"canonical\" href=\"https:\/\/renexia.it\/fr\/energia-ambiente\/\" \/>\n<meta property=\"og:locale\" content=\"fr_FR\" \/>\n<meta property=\"og:type\" content=\"article\" \/>\n<meta property=\"og:title\" content=\"Energia &amp; Ambiente - Renexia\" \/>\n<meta property=\"og:description\" content=\"A Eboli, le troisi\u00e8me plus grand parc photovolta\u00efque d&#039;Italie. Avec une capacit\u00e9 nominale totale de 24 MW, la centrale produira environ 33 000 MWH d&#039;\u00e9lectricit\u00e9 par an. Lire la suite\" \/>\n<meta property=\"og:url\" content=\"https:\/\/renexia.it\/fr\/energia-ambiente\/\" \/>\n<meta property=\"og:site_name\" content=\"Renexia\" \/>\n<meta property=\"article:published_time\" content=\"2012-02-01T07:36:34+00:00\" \/>\n<meta property=\"article:modified_time\" content=\"2022-07-03T17:40:23+00:00\" \/>\n<meta property=\"og:image\" content=\"https:\/\/renexia.it\/wp-content\/uploads\/2012\/02\/Anteprima-Energia-Ambiente-monte-eboli.jpg\" \/>\n\t<meta property=\"og:image:width\" content=\"242\" \/>\n\t<meta property=\"og:image:height\" content=\"300\" \/>\n\t<meta property=\"og:image:type\" content=\"image\/jpeg\" \/>\n<meta name=\"author\" content=\"TotoRenexiaEdit\" \/>\n<meta name=\"twitter:card\" content=\"summary_large_image\" \/>\n<meta name=\"twitter:label1\" content=\"\u00c9crit par\" \/>\n\t<meta name=\"twitter:data1\" content=\"TotoRenexiaEdit\" \/>\n\t<meta name=\"twitter:label2\" content=\"Dur\u00e9e de lecture estim\u00e9e\" \/>\n\t<meta name=\"twitter:data2\" content=\"1 minute\" \/>\n<script type=\"application\/ld+json\" class=\"yoast-schema-graph\">{\"@context\":\"https:\/\/schema.org\",\"@graph\":[{\"@type\":\"Article\",\"@id\":\"https:\/\/renexia.it\/fr\/energia-ambiente\/#article\",\"isPartOf\":{\"@id\":\"https:\/\/renexia.it\/fr\/energia-ambiente\/\"},\"author\":{\"name\":\"TotoRenexiaEdit\",\"@id\":\"https:\/\/renexia.it\/#\/schema\/person\/20be62dd35acd2c0ecd6319108fc2651\"},\"headline\":\"Energia &#038; Ambiente\",\"datePublished\":\"2012-02-01T07:36:34+00:00\",\"dateModified\":\"2022-07-03T17:40:23+00:00\",\"mainEntityOfPage\":{\"@id\":\"https:\/\/renexia.it\/fr\/energia-ambiente\/\"},\"wordCount\":125,\"publisher\":{\"@id\":\"https:\/\/renexia.it\/#organization\"},\"image\":{\"@id\":\"https:\/\/renexia.it\/fr\/energia-ambiente\/#primaryimage\"},\"thumbnailUrl\":\"https:\/\/renexia.it\/wp-content\/uploads\/2012\/02\/Anteprima-Energia-Ambiente-monte-eboli.jpg\",\"articleSection\":[\"ce qu\u2019on dit\"],\"inLanguage\":\"fr-FR\"},{\"@type\":\"WebPage\",\"@id\":\"https:\/\/renexia.it\/fr\/energia-ambiente\/\",\"url\":\"https:\/\/renexia.it\/fr\/energia-ambiente\/\",\"name\":\"Energia & Ambiente - Renexia\",\"isPartOf\":{\"@id\":\"https:\/\/renexia.it\/#website\"},\"primaryImageOfPage\":{\"@id\":\"https:\/\/renexia.it\/fr\/energia-ambiente\/#primaryimage\"},\"image\":{\"@id\":\"https:\/\/renexia.it\/fr\/energia-ambiente\/#primaryimage\"},\"thumbnailUrl\":\"https:\/\/renexia.it\/wp-content\/uploads\/2012\/02\/Anteprima-Energia-Ambiente-monte-eboli.jpg\",\"datePublished\":\"2012-02-01T07:36:34+00:00\",\"dateModified\":\"2022-07-03T17:40:23+00:00\",\"breadcrumb\":{\"@id\":\"https:\/\/renexia.it\/fr\/energia-ambiente\/#breadcrumb\"},\"inLanguage\":\"fr-FR\",\"potentialAction\":[{\"@type\":\"ReadAction\",\"target\":[\"https:\/\/renexia.it\/fr\/energia-ambiente\/\"]}]},{\"@type\":\"ImageObject\",\"inLanguage\":\"fr-FR\",\"@id\":\"https:\/\/renexia.it\/fr\/energia-ambiente\/#primaryimage\",\"url\":\"https:\/\/renexia.it\/wp-content\/uploads\/2012\/02\/Anteprima-Energia-Ambiente-monte-eboli.jpg\",\"contentUrl\":\"https:\/\/renexia.it\/wp-content\/uploads\/2012\/02\/Anteprima-Energia-Ambiente-monte-eboli.jpg\",\"width\":242,\"height\":300},{\"@type\":\"BreadcrumbList\",\"@id\":\"https:\/\/renexia.it\/fr\/energia-ambiente\/#breadcrumb\",\"itemListElement\":[{\"@type\":\"ListItem\",\"position\":1,\"name\":\"Home\",\"item\":\"https:\/\/renexia.it\/fr\/\"},{\"@type\":\"ListItem\",\"position\":2,\"name\":\"Energia &#038; Ambiente\"}]},{\"@type\":\"WebSite\",\"@id\":\"https:\/\/renexia.it\/#website\",\"url\":\"https:\/\/renexia.it\/\",\"name\":\"Renexia\",\"description\":\"\u00abFirst-mover\u00bb delle rinnovabili\",\"publisher\":{\"@id\":\"https:\/\/renexia.it\/#organization\"},\"potentialAction\":[{\"@type\":\"SearchAction\",\"target\":{\"@type\":\"EntryPoint\",\"urlTemplate\":\"https:\/\/renexia.it\/?s={search_term_string}\"},\"query-input\":{\"@type\":\"PropertyValueSpecification\",\"valueRequired\":true,\"valueName\":\"search_term_string\"}}],\"inLanguage\":\"fr-FR\"},{\"@type\":\"Organization\",\"@id\":\"https:\/\/renexia.it\/#organization\",\"name\":\"RENEXIA\",\"url\":\"https:\/\/renexia.it\/\",\"logo\":{\"@type\":\"ImageObject\",\"inLanguage\":\"fr-FR\",\"@id\":\"https:\/\/renexia.it\/#\/schema\/logo\/image\/\",\"url\":\"https:\/\/renexia.it\/wp-content\/uploads\/2022\/06\/logo-renexia.png\",\"contentUrl\":\"https:\/\/renexia.it\/wp-content\/uploads\/2022\/06\/logo-renexia.png\",\"width\":300,\"height\":85,\"caption\":\"RENEXIA\"},\"image\":{\"@id\":\"https:\/\/renexia.it\/#\/schema\/logo\/image\/\"}},{\"@type\":\"Person\",\"@id\":\"https:\/\/renexia.it\/#\/schema\/person\/20be62dd35acd2c0ecd6319108fc2651\",\"name\":\"TotoRenexiaEdit\",\"image\":{\"@type\":\"ImageObject\",\"inLanguage\":\"fr-FR\",\"@id\":\"https:\/\/secure.gravatar.com\/avatar\/1319a0b7f8b5a6cfbdbe86e36634860640577d8b1be669b1710e66c1023b3485?s=96&d=mm&r=g\",\"url\":\"https:\/\/secure.gravatar.com\/avatar\/1319a0b7f8b5a6cfbdbe86e36634860640577d8b1be669b1710e66c1023b3485?s=96&d=mm&r=g\",\"contentUrl\":\"https:\/\/secure.gravatar.com\/avatar\/1319a0b7f8b5a6cfbdbe86e36634860640577d8b1be669b1710e66c1023b3485?s=96&d=mm&r=g\",\"caption\":\"TotoRenexiaEdit\"},\"sameAs\":[\"https:\/\/renexia.it\"],\"url\":\"https:\/\/renexia.it\/fr\/author\/totorenexiaedit\/\"}]}<\/script>\n<!-- \/ Yoast SEO plugin. -->","yoast_head_json":{"title":"Energia & Ambiente - Renexia","robots":{"index":"index","follow":"follow","max-snippet":"max-snippet:-1","max-image-preview":"max-image-preview:large","max-video-preview":"max-video-preview:-1"},"canonical":"https:\/\/renexia.it\/fr\/energia-ambiente\/","og_locale":"fr_FR","og_type":"article","og_title":"Energia & Ambiente - Renexia","og_description":"A Eboli, le troisi\u00e8me plus grand parc photovolta\u00efque d'Italie. Avec une capacit\u00e9 nominale totale de 24 MW, la centrale produira environ 33 000 MWH d'\u00e9lectricit\u00e9 par an. Lire la suite","og_url":"https:\/\/renexia.it\/fr\/energia-ambiente\/","og_site_name":"Renexia","article_published_time":"2012-02-01T07:36:34+00:00","article_modified_time":"2022-07-03T17:40:23+00:00","og_image":[{"width":242,"height":300,"url":"https:\/\/renexia.it\/wp-content\/uploads\/2012\/02\/Anteprima-Energia-Ambiente-monte-eboli.jpg","type":"image\/jpeg"}],"author":"TotoRenexiaEdit","twitter_card":"summary_large_image","twitter_misc":{"\u00c9crit par":"TotoRenexiaEdit","Dur\u00e9e de lecture estim\u00e9e":"1 minute"},"schema":{"@context":"https:\/\/schema.org","@graph":[{"@type":"Article","@id":"https:\/\/renexia.it\/fr\/energia-ambiente\/#article","isPartOf":{"@id":"https:\/\/renexia.it\/fr\/energia-ambiente\/"},"author":{"name":"TotoRenexiaEdit","@id":"https:\/\/renexia.it\/#\/schema\/person\/20be62dd35acd2c0ecd6319108fc2651"},"headline":"Energia &#038; Ambiente","datePublished":"2012-02-01T07:36:34+00:00","dateModified":"2022-07-03T17:40:23+00:00","mainEntityOfPage":{"@id":"https:\/\/renexia.it\/fr\/energia-ambiente\/"},"wordCount":125,"publisher":{"@id":"https:\/\/renexia.it\/#organization"},"image":{"@id":"https:\/\/renexia.it\/fr\/energia-ambiente\/#primaryimage"},"thumbnailUrl":"https:\/\/renexia.it\/wp-content\/uploads\/2012\/02\/Anteprima-Energia-Ambiente-monte-eboli.jpg","articleSection":["ce qu\u2019on dit"],"inLanguage":"fr-FR"},{"@type":"WebPage","@id":"https:\/\/renexia.it\/fr\/energia-ambiente\/","url":"https:\/\/renexia.it\/fr\/energia-ambiente\/","name":"Energia & Ambiente - Renexia","isPartOf":{"@id":"https:\/\/renexia.it\/#website"},"primaryImageOfPage":{"@id":"https:\/\/renexia.it\/fr\/energia-ambiente\/#primaryimage"},"image":{"@id":"https:\/\/renexia.it\/fr\/energia-ambiente\/#primaryimage"},"thumbnailUrl":"https:\/\/renexia.it\/wp-content\/uploads\/2012\/02\/Anteprima-Energia-Ambiente-monte-eboli.jpg","datePublished":"2012-02-01T07:36:34+00:00","dateModified":"2022-07-03T17:40:23+00:00","breadcrumb":{"@id":"https:\/\/renexia.it\/fr\/energia-ambiente\/#breadcrumb"},"inLanguage":"fr-FR","potentialAction":[{"@type":"ReadAction","target":["https:\/\/renexia.it\/fr\/energia-ambiente\/"]}]},{"@type":"ImageObject","inLanguage":"fr-FR","@id":"https:\/\/renexia.it\/fr\/energia-ambiente\/#primaryimage","url":"https:\/\/renexia.it\/wp-content\/uploads\/2012\/02\/Anteprima-Energia-Ambiente-monte-eboli.jpg","contentUrl":"https:\/\/renexia.it\/wp-content\/uploads\/2012\/02\/Anteprima-Energia-Ambiente-monte-eboli.jpg","width":242,"height":300},{"@type":"BreadcrumbList","@id":"https:\/\/renexia.it\/fr\/energia-ambiente\/#breadcrumb","itemListElement":[{"@type":"ListItem","position":1,"name":"Home","item":"https:\/\/renexia.it\/fr\/"},{"@type":"ListItem","position":2,"name":"Energia &#038; Ambiente"}]},{"@type":"WebSite","@id":"https:\/\/renexia.it\/#website","url":"https:\/\/renexia.it\/","name":"Renexia","description":"\u00abFirst-mover\u00bb delle rinnovabili","publisher":{"@id":"https:\/\/renexia.it\/#organization"},"potentialAction":[{"@type":"SearchAction","target":{"@type":"EntryPoint","urlTemplate":"https:\/\/renexia.it\/?s={search_term_string}"},"query-input":{"@type":"PropertyValueSpecification","valueRequired":true,"valueName":"search_term_string"}}],"inLanguage":"fr-FR"},{"@type":"Organization","@id":"https:\/\/renexia.it\/#organization","name":"RENEXIA","url":"https:\/\/renexia.it\/","logo":{"@type":"ImageObject","inLanguage":"fr-FR","@id":"https:\/\/renexia.it\/#\/schema\/logo\/image\/","url":"https:\/\/renexia.it\/wp-content\/uploads\/2022\/06\/logo-renexia.png","contentUrl":"https:\/\/renexia.it\/wp-content\/uploads\/2022\/06\/logo-renexia.png","width":300,"height":85,"caption":"RENEXIA"},"image":{"@id":"https:\/\/renexia.it\/#\/schema\/logo\/image\/"}},{"@type":"Person","@id":"https:\/\/renexia.it\/#\/schema\/person\/20be62dd35acd2c0ecd6319108fc2651","name":"TotoRenexiaEdit","image":{"@type":"ImageObject","inLanguage":"fr-FR","@id":"https:\/\/secure.gravatar.com\/avatar\/1319a0b7f8b5a6cfbdbe86e36634860640577d8b1be669b1710e66c1023b3485?s=96&d=mm&r=g","url":"https:\/\/secure.gravatar.com\/avatar\/1319a0b7f8b5a6cfbdbe86e36634860640577d8b1be669b1710e66c1023b3485?s=96&d=mm&r=g","contentUrl":"https:\/\/secure.gravatar.com\/avatar\/1319a0b7f8b5a6cfbdbe86e36634860640577d8b1be669b1710e66c1023b3485?s=96&d=mm&r=g","caption":"TotoRenexiaEdit"},"sameAs":["https:\/\/renexia.it"],"url":"https:\/\/renexia.it\/fr\/author\/totorenexiaedit\/"}]}},"acf":[],"_links":{"self":[{"href":"https:\/\/renexia.it\/fr\/wp-json\/wp\/v2\/posts\/111800","targetHints":{"allow":["GET"]}}],"collection":[{"href":"https:\/\/renexia.it\/fr\/wp-json\/wp\/v2\/posts"}],"about":[{"href":"https:\/\/renexia.it\/fr\/wp-json\/wp\/v2\/types\/post"}],"author":[{"embeddable":true,"href":"https:\/\/renexia.it\/fr\/wp-json\/wp\/v2\/users\/1"}],"replies":[{"embeddable":true,"href":"https:\/\/renexia.it\/fr\/wp-json\/wp\/v2\/comments?post=111800"}],"version-history":[{"count":3,"href":"https:\/\/renexia.it\/fr\/wp-json\/wp\/v2\/posts\/111800\/revisions"}],"predecessor-version":[{"id":111803,"href":"https:\/\/renexia.it\/fr\/wp-json\/wp\/v2\/posts\/111800\/revisions\/111803"}],"wp:featuredmedia":[{"embeddable":true,"href":"https:\/\/renexia.it\/fr\/wp-json\/wp\/v2\/media\/111596"}],"wp:attachment":[{"href":"https:\/\/renexia.it\/fr\/wp-json\/wp\/v2\/media?parent=111800"}],"wp:term":[{"taxonomy":"category","embeddable":true,"href":"https:\/\/renexia.it\/fr\/wp-json\/wp\/v2\/categories?post=111800"},{"taxonomy":"post_tag","embeddable":true,"href":"https:\/\/renexia.it\/fr\/wp-json\/wp\/v2\/tags?post=111800"},{"taxonomy":"location-tag","embeddable":true,"href":"https:\/\/renexia.it\/fr\/wp-json\/wp\/v2\/location-tag?post=111800"}],"curies":[{"name":"wp","href":"https:\/\/api.w.org\/{rel}","templated":true}]}}