{"id":111772,"date":"2021-08-25T07:08:31","date_gmt":"2021-08-25T05:08:31","guid":{"rendered":"https:\/\/renexia.it\/parco-compatibile-con-lambiente\/"},"modified":"2023-09-06T13:41:36","modified_gmt":"2023-09-06T11:41:36","slug":"parco-compatibile-con-lambiente","status":"publish","type":"post","link":"https:\/\/renexia.it\/fr\/parco-compatibile-con-lambiente\/","title":{"rendered":"Parc compatible avec l\u2019environnement"},"content":{"rendered":"<div class=\"wpb-content-wrapper\"><p>[vc_row][vc_column width=\u00a0\u00bb1\/1&Prime;][uncode_breadcrumbs text_lead=\u00a0\u00bbsmall\u00a0\u00bb][\/vc_column][\/vc_row][vc_row row_height_percent=\u00a0\u00bb0&Prime; overlay_alpha=\u00a0\u00bb50&Prime; gutter_size=\u00a0\u00bb3&Prime; column_width_percent=\u00a0\u00bb100&Prime; shift_y=\u00a0\u00bb0&Prime; z_index=\u00a0\u00bb0&Prime; uncode_shortcode_id=\u00a0\u00bb718558&Prime; shape_dividers=\u00a0\u00bb\u00a0\u00bb][vc_column][uncode_info_box items=\u00a0\u00bbDate\u00a0\u00bb][vc_custom_heading auto_text=\u00a0\u00bbyes\u00a0\u00bb uncode_shortcode_id=\u00a0\u00bb148406&Prime;]This is a custom heading element.[\/vc_custom_heading][vc_column_text uncode_shortcode_id=\u00a0\u00bb432216&Prime;]<span style=\"font-weight: 400;\">Fr. Sammartino, cadre de Renexia : \u00ab\u00a0La proc\u00e9dure a dur\u00e9 dix ans. Il y aura un besoin d&rsquo;entreprises locales.\u00a0\u00bb Les perplexit\u00e9s des anciens maires Carducci et Guadagnolo. Deux anciens maires ont \u00e9t\u00e9 parmi les premiers \u00e0 faire part de leurs perplexit\u00e9s : Mario Guadagnolo et Alfengo Carducci. Ils ont confi\u00e9 aux m\u00e9dias sociaux leurs r\u00e9flexions, pas vraiment enthousiastes, sur le parc \u00e9olien en devenir qui se dressera entre Molo Polisettoriale et Diga Foranea.\u00a0 Pour une zone qui a des perspectives touristiques\/environnementales ( ?) la pollution visuelle\u00a0\u00bb, \u00e9crit Carducci, \u00ab\u00a0n&rsquo;est pas moins grave que la pollution de l&rsquo;eau\/environnementale ( ?)\u00a0\u00bb.<\/span>[\/vc_column_text][vc_single_image media=\u00a0\u00bb111089&Prime; media_width_percent=\u00a0\u00bb24&Prime; uncode_shortcode_id=\u00a0\u00bb149875&Prime; media_link=\u00a0\u00bburl:https%3A%2F%2Frenexia.it%2Fwp-content%2Fuploads%2F2022%2F06%2FTARANTO-BUONASERA-Parco-compatibile-con-lambiente-RENEXIA-PARCO-EOLICO.pdf|target:_blank\u00a0\u00bb][\/vc_column][\/vc_row]<\/p>\n<\/div>","protected":false},"excerpt":{"rendered":"<p>Fr. Sammartino, cadre de Renexia : \u00ab\u00a0La proc\u00e9dure a dur\u00e9 dix ans. Il y aura un besoin d&rsquo;entreprises locales.\u00a0\u00bb Les perplexit\u00e9s des anciens maires Carducci et Guadagnolo. Deux anciens maires ont \u00e9t\u00e9 parmi les premiers \u00e0 faire part de leurs perplexit\u00e9s<\/p>\n","protected":false},"author":1,"featured_media":111566,"comment_status":"closed","ping_status":"closed","sticky":false,"template":"","format":"standard","meta":{"_acf_changed":false,"footnotes":""},"categories":[98],"tags":[],"location-tag":[],"class_list":["post-111772","post","type-post","status-publish","format-standard","has-post-thumbnail","hentry","category-ce-quon-dit"],"yoast_head":"<!-- This site is optimized with the Yoast SEO plugin v27.2 - https:\/\/yoast.com\/product\/yoast-seo-wordpress\/ -->\n<title>Parc compatible avec l\u2019environnement - Renexia<\/title>\n<meta name=\"description\" content=\"Fr. Sammartino, cadre de Renexia : &quot;La proc\u00e9dure a dur\u00e9 dix ans. Il y aura un besoin d&#039;entreprises locales.&quot; Les perplexit\u00e9s des anciens maires Carducci et Guadagnolo. Deux anciens maires ont \u00e9t\u00e9 parmi les premiers \u00e0 faire part de leurs perplexit\u00e9s\" \/>\n<meta name=\"robots\" content=\"index, follow, max-snippet:-1, max-image-preview:large, max-video-preview:-1\" \/>\n<link rel=\"canonical\" href=\"https:\/\/renexia.it\/parco-compatibile-con-lambiente\/\" \/>\n<meta property=\"og:locale\" content=\"fr_FR\" \/>\n<meta property=\"og:type\" content=\"article\" \/>\n<meta property=\"og:title\" content=\"Parc compatible avec l\u2019environnement - Renexia\" \/>\n<meta property=\"og:description\" content=\"Fr. Sammartino, cadre de Renexia : &quot;La proc\u00e9dure a dur\u00e9 dix ans. Il y aura un besoin d&#039;entreprises locales.&quot; Les perplexit\u00e9s des anciens maires Carducci et Guadagnolo. Deux anciens maires ont \u00e9t\u00e9 parmi les premiers \u00e0 faire part de leurs perplexit\u00e9s\" \/>\n<meta property=\"og:url\" content=\"https:\/\/renexia.it\/parco-compatibile-con-lambiente\/\" \/>\n<meta property=\"og:site_name\" content=\"Renexia\" \/>\n<meta property=\"article:published_time\" content=\"2021-08-25T05:08:31+00:00\" \/>\n<meta property=\"article:modified_time\" content=\"2023-09-06T11:41:36+00:00\" \/>\n<meta property=\"og:image\" content=\"https:\/\/renexia.it\/wp-content\/uploads\/2021\/08\/anteprima-Taranto-Buonasera-parco-compatibile-con-lambiente25-724x1024-1.jpg\" \/>\n\t<meta property=\"og:image:width\" content=\"724\" \/>\n\t<meta property=\"og:image:height\" content=\"1024\" \/>\n\t<meta property=\"og:image:type\" content=\"image\/jpeg\" \/>\n<meta name=\"author\" content=\"TotoRenexiaEdit\" \/>\n<meta name=\"twitter:card\" content=\"summary_large_image\" \/>\n<meta name=\"twitter:title\" content=\"Parco compatibile con l\u2019ambiente\" \/>\n<meta name=\"twitter:description\" content=\"Fr. Sammartino, cadre de Renexia : &quot;La proc\u00e9dure a dur\u00e9 dix ans. Il y aura un besoin d&#039;entreprises locales.&quot; Les perplexit\u00e9s des anciens maires Carducci et Guadagnolo. Deux anciens maires ont \u00e9t\u00e9 parmi les premiers \u00e0 faire part de leurs perplexit\u00e9s\" \/>\n<meta name=\"twitter:label1\" content=\"\u00c9crit par\" \/>\n\t<meta name=\"twitter:data1\" content=\"TotoRenexiaEdit\" \/>\n\t<meta name=\"twitter:label2\" content=\"Dur\u00e9e de lecture estim\u00e9e\" \/>\n\t<meta name=\"twitter:data2\" content=\"1 minute\" \/>\n<script type=\"application\/ld+json\" class=\"yoast-schema-graph\">{\"@context\":\"https:\/\/schema.org\",\"@graph\":[{\"@type\":\"Article\",\"@id\":\"https:\/\/renexia.it\/parco-compatibile-con-lambiente\/#article\",\"isPartOf\":{\"@id\":\"https:\/\/renexia.it\/parco-compatibile-con-lambiente\/\"},\"author\":{\"name\":\"TotoRenexiaEdit\",\"@id\":\"https:\/\/renexia.it\/#\/schema\/person\/20be62dd35acd2c0ecd6319108fc2651\"},\"headline\":\"Parc compatible avec l\u2019environnement\",\"datePublished\":\"2021-08-25T05:08:31+00:00\",\"dateModified\":\"2023-09-06T11:41:36+00:00\",\"mainEntityOfPage\":{\"@id\":\"https:\/\/renexia.it\/parco-compatibile-con-lambiente\/\"},\"wordCount\":206,\"publisher\":{\"@id\":\"https:\/\/renexia.it\/#organization\"},\"image\":{\"@id\":\"https:\/\/renexia.it\/parco-compatibile-con-lambiente\/#primaryimage\"},\"thumbnailUrl\":\"https:\/\/renexia.it\/wp-content\/uploads\/2021\/08\/anteprima-Taranto-Buonasera-parco-compatibile-con-lambiente25-724x1024-1.jpg\",\"articleSection\":[\"ce qu\u2019on dit\"],\"inLanguage\":\"fr-FR\"},{\"@type\":\"WebPage\",\"@id\":\"https:\/\/renexia.it\/parco-compatibile-con-lambiente\/\",\"url\":\"https:\/\/renexia.it\/parco-compatibile-con-lambiente\/\",\"name\":\"Parc compatible avec l\u2019environnement - Renexia\",\"isPartOf\":{\"@id\":\"https:\/\/renexia.it\/#website\"},\"primaryImageOfPage\":{\"@id\":\"https:\/\/renexia.it\/parco-compatibile-con-lambiente\/#primaryimage\"},\"image\":{\"@id\":\"https:\/\/renexia.it\/parco-compatibile-con-lambiente\/#primaryimage\"},\"thumbnailUrl\":\"https:\/\/renexia.it\/wp-content\/uploads\/2021\/08\/anteprima-Taranto-Buonasera-parco-compatibile-con-lambiente25-724x1024-1.jpg\",\"datePublished\":\"2021-08-25T05:08:31+00:00\",\"dateModified\":\"2023-09-06T11:41:36+00:00\",\"description\":\"Fr. Sammartino, cadre de Renexia : \\\"La proc\u00e9dure a dur\u00e9 dix ans. Il y aura un besoin d'entreprises locales.\\\" Les perplexit\u00e9s des anciens maires Carducci et Guadagnolo. Deux anciens maires ont \u00e9t\u00e9 parmi les premiers \u00e0 faire part de leurs perplexit\u00e9s\",\"breadcrumb\":{\"@id\":\"https:\/\/renexia.it\/parco-compatibile-con-lambiente\/#breadcrumb\"},\"inLanguage\":\"fr-FR\",\"potentialAction\":[{\"@type\":\"ReadAction\",\"target\":[\"https:\/\/renexia.it\/parco-compatibile-con-lambiente\/\"]}]},{\"@type\":\"ImageObject\",\"inLanguage\":\"fr-FR\",\"@id\":\"https:\/\/renexia.it\/parco-compatibile-con-lambiente\/#primaryimage\",\"url\":\"https:\/\/renexia.it\/wp-content\/uploads\/2021\/08\/anteprima-Taranto-Buonasera-parco-compatibile-con-lambiente25-724x1024-1.jpg\",\"contentUrl\":\"https:\/\/renexia.it\/wp-content\/uploads\/2021\/08\/anteprima-Taranto-Buonasera-parco-compatibile-con-lambiente25-724x1024-1.jpg\",\"width\":724,\"height\":1024},{\"@type\":\"BreadcrumbList\",\"@id\":\"https:\/\/renexia.it\/parco-compatibile-con-lambiente\/#breadcrumb\",\"itemListElement\":[{\"@type\":\"ListItem\",\"position\":1,\"name\":\"Home\",\"item\":\"https:\/\/renexia.it\/fr\/\"},{\"@type\":\"ListItem\",\"position\":2,\"name\":\"Parc compatible avec l\u2019environnement\"}]},{\"@type\":\"WebSite\",\"@id\":\"https:\/\/renexia.it\/#website\",\"url\":\"https:\/\/renexia.it\/\",\"name\":\"Renexia\",\"description\":\"\u00abFirst-mover\u00bb delle rinnovabili\",\"publisher\":{\"@id\":\"https:\/\/renexia.it\/#organization\"},\"potentialAction\":[{\"@type\":\"SearchAction\",\"target\":{\"@type\":\"EntryPoint\",\"urlTemplate\":\"https:\/\/renexia.it\/?s={search_term_string}\"},\"query-input\":{\"@type\":\"PropertyValueSpecification\",\"valueRequired\":true,\"valueName\":\"search_term_string\"}}],\"inLanguage\":\"fr-FR\"},{\"@type\":\"Organization\",\"@id\":\"https:\/\/renexia.it\/#organization\",\"name\":\"RENEXIA\",\"url\":\"https:\/\/renexia.it\/\",\"logo\":{\"@type\":\"ImageObject\",\"inLanguage\":\"fr-FR\",\"@id\":\"https:\/\/renexia.it\/#\/schema\/logo\/image\/\",\"url\":\"https:\/\/renexia.it\/wp-content\/uploads\/2022\/06\/logo-renexia.png\",\"contentUrl\":\"https:\/\/renexia.it\/wp-content\/uploads\/2022\/06\/logo-renexia.png\",\"width\":300,\"height\":85,\"caption\":\"RENEXIA\"},\"image\":{\"@id\":\"https:\/\/renexia.it\/#\/schema\/logo\/image\/\"}},{\"@type\":\"Person\",\"@id\":\"https:\/\/renexia.it\/#\/schema\/person\/20be62dd35acd2c0ecd6319108fc2651\",\"name\":\"TotoRenexiaEdit\",\"image\":{\"@type\":\"ImageObject\",\"inLanguage\":\"fr-FR\",\"@id\":\"https:\/\/secure.gravatar.com\/avatar\/1319a0b7f8b5a6cfbdbe86e36634860640577d8b1be669b1710e66c1023b3485?s=96&d=mm&r=g\",\"url\":\"https:\/\/secure.gravatar.com\/avatar\/1319a0b7f8b5a6cfbdbe86e36634860640577d8b1be669b1710e66c1023b3485?s=96&d=mm&r=g\",\"contentUrl\":\"https:\/\/secure.gravatar.com\/avatar\/1319a0b7f8b5a6cfbdbe86e36634860640577d8b1be669b1710e66c1023b3485?s=96&d=mm&r=g\",\"caption\":\"TotoRenexiaEdit\"},\"sameAs\":[\"https:\/\/renexia.it\"],\"url\":\"https:\/\/renexia.it\/fr\/author\/totorenexiaedit\/\"}]}<\/script>\n<!-- \/ Yoast SEO plugin. -->","yoast_head_json":{"title":"Parc compatible avec l\u2019environnement - Renexia","description":"Fr. Sammartino, cadre de Renexia : \"La proc\u00e9dure a dur\u00e9 dix ans. Il y aura un besoin d'entreprises locales.\" Les perplexit\u00e9s des anciens maires Carducci et Guadagnolo. Deux anciens maires ont \u00e9t\u00e9 parmi les premiers \u00e0 faire part de leurs perplexit\u00e9s","robots":{"index":"index","follow":"follow","max-snippet":"max-snippet:-1","max-image-preview":"max-image-preview:large","max-video-preview":"max-video-preview:-1"},"canonical":"https:\/\/renexia.it\/parco-compatibile-con-lambiente\/","og_locale":"fr_FR","og_type":"article","og_title":"Parc compatible avec l\u2019environnement - Renexia","og_description":"Fr. Sammartino, cadre de Renexia : \"La proc\u00e9dure a dur\u00e9 dix ans. Il y aura un besoin d'entreprises locales.\" Les perplexit\u00e9s des anciens maires Carducci et Guadagnolo. Deux anciens maires ont \u00e9t\u00e9 parmi les premiers \u00e0 faire part de leurs perplexit\u00e9s","og_url":"https:\/\/renexia.it\/parco-compatibile-con-lambiente\/","og_site_name":"Renexia","article_published_time":"2021-08-25T05:08:31+00:00","article_modified_time":"2023-09-06T11:41:36+00:00","og_image":[{"width":724,"height":1024,"url":"https:\/\/renexia.it\/wp-content\/uploads\/2021\/08\/anteprima-Taranto-Buonasera-parco-compatibile-con-lambiente25-724x1024-1.jpg","type":"image\/jpeg"}],"author":"TotoRenexiaEdit","twitter_card":"summary_large_image","twitter_title":"Parco compatibile con l\u2019ambiente","twitter_description":"Fr. Sammartino, cadre de Renexia : \"La proc\u00e9dure a dur\u00e9 dix ans. Il y aura un besoin d'entreprises locales.\" Les perplexit\u00e9s des anciens maires Carducci et Guadagnolo. Deux anciens maires ont \u00e9t\u00e9 parmi les premiers \u00e0 faire part de leurs perplexit\u00e9s","twitter_misc":{"\u00c9crit par":"TotoRenexiaEdit","Dur\u00e9e de lecture estim\u00e9e":"1 minute"},"schema":{"@context":"https:\/\/schema.org","@graph":[{"@type":"Article","@id":"https:\/\/renexia.it\/parco-compatibile-con-lambiente\/#article","isPartOf":{"@id":"https:\/\/renexia.it\/parco-compatibile-con-lambiente\/"},"author":{"name":"TotoRenexiaEdit","@id":"https:\/\/renexia.it\/#\/schema\/person\/20be62dd35acd2c0ecd6319108fc2651"},"headline":"Parc compatible avec l\u2019environnement","datePublished":"2021-08-25T05:08:31+00:00","dateModified":"2023-09-06T11:41:36+00:00","mainEntityOfPage":{"@id":"https:\/\/renexia.it\/parco-compatibile-con-lambiente\/"},"wordCount":206,"publisher":{"@id":"https:\/\/renexia.it\/#organization"},"image":{"@id":"https:\/\/renexia.it\/parco-compatibile-con-lambiente\/#primaryimage"},"thumbnailUrl":"https:\/\/renexia.it\/wp-content\/uploads\/2021\/08\/anteprima-Taranto-Buonasera-parco-compatibile-con-lambiente25-724x1024-1.jpg","articleSection":["ce qu\u2019on dit"],"inLanguage":"fr-FR"},{"@type":"WebPage","@id":"https:\/\/renexia.it\/parco-compatibile-con-lambiente\/","url":"https:\/\/renexia.it\/parco-compatibile-con-lambiente\/","name":"Parc compatible avec l\u2019environnement - Renexia","isPartOf":{"@id":"https:\/\/renexia.it\/#website"},"primaryImageOfPage":{"@id":"https:\/\/renexia.it\/parco-compatibile-con-lambiente\/#primaryimage"},"image":{"@id":"https:\/\/renexia.it\/parco-compatibile-con-lambiente\/#primaryimage"},"thumbnailUrl":"https:\/\/renexia.it\/wp-content\/uploads\/2021\/08\/anteprima-Taranto-Buonasera-parco-compatibile-con-lambiente25-724x1024-1.jpg","datePublished":"2021-08-25T05:08:31+00:00","dateModified":"2023-09-06T11:41:36+00:00","description":"Fr. Sammartino, cadre de Renexia : \"La proc\u00e9dure a dur\u00e9 dix ans. Il y aura un besoin d'entreprises locales.\" Les perplexit\u00e9s des anciens maires Carducci et Guadagnolo. Deux anciens maires ont \u00e9t\u00e9 parmi les premiers \u00e0 faire part de leurs perplexit\u00e9s","breadcrumb":{"@id":"https:\/\/renexia.it\/parco-compatibile-con-lambiente\/#breadcrumb"},"inLanguage":"fr-FR","potentialAction":[{"@type":"ReadAction","target":["https:\/\/renexia.it\/parco-compatibile-con-lambiente\/"]}]},{"@type":"ImageObject","inLanguage":"fr-FR","@id":"https:\/\/renexia.it\/parco-compatibile-con-lambiente\/#primaryimage","url":"https:\/\/renexia.it\/wp-content\/uploads\/2021\/08\/anteprima-Taranto-Buonasera-parco-compatibile-con-lambiente25-724x1024-1.jpg","contentUrl":"https:\/\/renexia.it\/wp-content\/uploads\/2021\/08\/anteprima-Taranto-Buonasera-parco-compatibile-con-lambiente25-724x1024-1.jpg","width":724,"height":1024},{"@type":"BreadcrumbList","@id":"https:\/\/renexia.it\/parco-compatibile-con-lambiente\/#breadcrumb","itemListElement":[{"@type":"ListItem","position":1,"name":"Home","item":"https:\/\/renexia.it\/fr\/"},{"@type":"ListItem","position":2,"name":"Parc compatible avec l\u2019environnement"}]},{"@type":"WebSite","@id":"https:\/\/renexia.it\/#website","url":"https:\/\/renexia.it\/","name":"Renexia","description":"\u00abFirst-mover\u00bb delle rinnovabili","publisher":{"@id":"https:\/\/renexia.it\/#organization"},"potentialAction":[{"@type":"SearchAction","target":{"@type":"EntryPoint","urlTemplate":"https:\/\/renexia.it\/?s={search_term_string}"},"query-input":{"@type":"PropertyValueSpecification","valueRequired":true,"valueName":"search_term_string"}}],"inLanguage":"fr-FR"},{"@type":"Organization","@id":"https:\/\/renexia.it\/#organization","name":"RENEXIA","url":"https:\/\/renexia.it\/","logo":{"@type":"ImageObject","inLanguage":"fr-FR","@id":"https:\/\/renexia.it\/#\/schema\/logo\/image\/","url":"https:\/\/renexia.it\/wp-content\/uploads\/2022\/06\/logo-renexia.png","contentUrl":"https:\/\/renexia.it\/wp-content\/uploads\/2022\/06\/logo-renexia.png","width":300,"height":85,"caption":"RENEXIA"},"image":{"@id":"https:\/\/renexia.it\/#\/schema\/logo\/image\/"}},{"@type":"Person","@id":"https:\/\/renexia.it\/#\/schema\/person\/20be62dd35acd2c0ecd6319108fc2651","name":"TotoRenexiaEdit","image":{"@type":"ImageObject","inLanguage":"fr-FR","@id":"https:\/\/secure.gravatar.com\/avatar\/1319a0b7f8b5a6cfbdbe86e36634860640577d8b1be669b1710e66c1023b3485?s=96&d=mm&r=g","url":"https:\/\/secure.gravatar.com\/avatar\/1319a0b7f8b5a6cfbdbe86e36634860640577d8b1be669b1710e66c1023b3485?s=96&d=mm&r=g","contentUrl":"https:\/\/secure.gravatar.com\/avatar\/1319a0b7f8b5a6cfbdbe86e36634860640577d8b1be669b1710e66c1023b3485?s=96&d=mm&r=g","caption":"TotoRenexiaEdit"},"sameAs":["https:\/\/renexia.it"],"url":"https:\/\/renexia.it\/fr\/author\/totorenexiaedit\/"}]}},"acf":[],"_links":{"self":[{"href":"https:\/\/renexia.it\/fr\/wp-json\/wp\/v2\/posts\/111772","targetHints":{"allow":["GET"]}}],"collection":[{"href":"https:\/\/renexia.it\/fr\/wp-json\/wp\/v2\/posts"}],"about":[{"href":"https:\/\/renexia.it\/fr\/wp-json\/wp\/v2\/types\/post"}],"author":[{"embeddable":true,"href":"https:\/\/renexia.it\/fr\/wp-json\/wp\/v2\/users\/1"}],"replies":[{"embeddable":true,"href":"https:\/\/renexia.it\/fr\/wp-json\/wp\/v2\/comments?post=111772"}],"version-history":[{"count":5,"href":"https:\/\/renexia.it\/fr\/wp-json\/wp\/v2\/posts\/111772\/revisions"}],"predecessor-version":[{"id":132077,"href":"https:\/\/renexia.it\/fr\/wp-json\/wp\/v2\/posts\/111772\/revisions\/132077"}],"wp:featuredmedia":[{"embeddable":true,"href":"https:\/\/renexia.it\/fr\/wp-json\/wp\/v2\/media\/111566"}],"wp:attachment":[{"href":"https:\/\/renexia.it\/fr\/wp-json\/wp\/v2\/media?parent=111772"}],"wp:term":[{"taxonomy":"category","embeddable":true,"href":"https:\/\/renexia.it\/fr\/wp-json\/wp\/v2\/categories?post=111772"},{"taxonomy":"post_tag","embeddable":true,"href":"https:\/\/renexia.it\/fr\/wp-json\/wp\/v2\/tags?post=111772"},{"taxonomy":"location-tag","embeddable":true,"href":"https:\/\/renexia.it\/fr\/wp-json\/wp\/v2\/location-tag?post=111772"}],"curies":[{"name":"wp","href":"https:\/\/api.w.org\/{rel}","templated":true}]}}