{"id":111766,"date":"2021-11-05T01:01:16","date_gmt":"2021-11-05T00:01:16","guid":{"rendered":"https:\/\/renexia.it\/rinnovabili-italia-in-coda-con-39-progetti-nella-corsa-alleolico-in-mare\/"},"modified":"2023-09-06T13:27:55","modified_gmt":"2023-09-06T11:27:55","slug":"rinnovabili-italia-in-coda-con-39-progetti-nella-corsa-alleolico-in-mare","status":"publish","type":"post","link":"https:\/\/renexia.it\/fr\/rinnovabili-italia-in-coda-con-39-progetti-nella-corsa-alleolico-in-mare\/","title":{"rendered":"\u00c9nergies renouvelables, l\u2019Italie \u00e0 la tra\u00eene avec 39 projets dans la course au d\u00e9veloppement de l\u2019\u00e9olien en mer"},"content":{"rendered":"<div class=\"wpb-content-wrapper\"><p>[vc_row unlock_row_content=\u00a0\u00bbyes\u00a0\u00bb row_height_percent=\u00a0\u00bb0&Prime; override_padding=\u00a0\u00bbyes\u00a0\u00bb h_padding=\u00a0\u00bb2&Prime; top_padding=\u00a0\u00bb0&Prime; bottom_padding=\u00a0\u00bb0&Prime; overlay_alpha=\u00a0\u00bb50&Prime; gutter_size=\u00a0\u00bb3&Prime; column_width_percent=\u00a0\u00bb100&Prime; shift_y=\u00a0\u00bb0&Prime; z_index=\u00a0\u00bb0&Prime; uncode_shortcode_id=\u00a0\u00bb914450&Prime;][vc_column column_width_percent=\u00a0\u00bb100&Prime; position_horizontal=\u00a0\u00bbleft\u00a0\u00bb gutter_size=\u00a0\u00bb2&Prime; font_family=\u00a0\u00bbfont-136032&Prime; overlay_alpha=\u00a0\u00bb50&Prime; shift_x=\u00a0\u00bb0&Prime; shift_y=\u00a0\u00bb0&Prime; shift_y_down=\u00a0\u00bb0&Prime; z_index=\u00a0\u00bb0&Prime; medium_width=\u00a0\u00bb0&Prime; mobile_width=\u00a0\u00bb0&Prime; width=\u00a0\u00bb1\/1&Prime; uncode_shortcode_id=\u00a0\u00bb174762&Prime;][uncode_breadcrumbs text_lead=\u00a0\u00bbsmall\u00a0\u00bb][\/vc_column][\/vc_row][vc_row row_height_percent=\u00a0\u00bb0&Prime; overlay_alpha=\u00a0\u00bb50&Prime; gutter_size=\u00a0\u00bb3&Prime; column_width_percent=\u00a0\u00bb100&Prime; shift_y=\u00a0\u00bb0&Prime; z_index=\u00a0\u00bb0&Prime; uncode_shortcode_id=\u00a0\u00bb149419&Prime;][vc_column][uncode_info_box items=\u00a0\u00bbDate\u00a0\u00bb][vc_custom_heading auto_text=\u00a0\u00bbyes\u00a0\u00bb uncode_shortcode_id=\u00a0\u00bb148406&Prime;]This is a custom heading element.[\/vc_custom_heading][vc_column_text uncode_shortcode_id=\u00a0\u00bb553682&Prime;]<span style=\"font-weight: 400;\">(Tarente). Les op\u00e9rations de placement de la premi\u00e8re turbine Beleolico (photo) au large de la jet\u00e9e polysectorielle ont commenc\u00e9. C&rsquo;est ce qu&rsquo;a annonc\u00e9 Renexia, la soci\u00e9t\u00e9 du groupe Toto active dans le domaine des \u00e9nergies renouvelables en Italie et aux \u00c9tats-Unis, qui construit \u00e0 Tarente le premier parc \u00e9olien offshore d&rsquo;Italie et de toute la M\u00e9diterran\u00e9e. La centrale produira 60 000 Mwh d&rsquo;\u00e9nergie verte, soit l&rsquo;\u00e9quivalent des besoins annuels de 60 000 personnes. Sur le plan environnemental, cela signifie que, pendant sa dur\u00e9e de vie pr\u00e9vue de 25 ans, elle permettra d&rsquo;\u00e9conomiser environ 730 000 tonnes de CO2 &#8230;<\/span>[\/vc_column_text][vc_single_image media=\u00a0\u00bb111061&Prime; media_width_percent=\u00a0\u00bb49&Prime; uncode_shortcode_id=\u00a0\u00bb330764&Prime; media_link=\u00a0\u00bburl:https%3A%2F%2Frenexia.it%2Fwp-content%2Fuploads%2F2022%2F06%2FILSOLE24ORE-Rinnovabili-italia-in-coda-5NOVEMBRE2021-RENEXIA.pdf|target:_blank\u00a0\u00bb][\/vc_column][\/vc_row]<\/p>\n<\/div>","protected":false},"excerpt":{"rendered":"<p>(Tarente). Les op\u00e9rations de placement de la premi\u00e8re turbine Beleolico au large de la jet\u00e9e polysectorielle ont commenc\u00e9. <\/p>\n","protected":false},"author":1,"featured_media":111556,"comment_status":"closed","ping_status":"closed","sticky":false,"template":"","format":"standard","meta":{"_acf_changed":false,"footnotes":""},"categories":[98],"tags":[],"location-tag":[],"class_list":["post-111766","post","type-post","status-publish","format-standard","has-post-thumbnail","hentry","category-ce-quon-dit"],"yoast_head":"<!-- This site is optimized with the Yoast SEO plugin v27.2 - https:\/\/yoast.com\/product\/yoast-seo-wordpress\/ -->\n<title>\u00c9nergies renouvelables, l\u2019Italie \u00e0 la tra\u00eene avec 39 projets dans la course au d\u00e9veloppement de l\u2019\u00e9olien en mer - Renexia<\/title>\n<meta name=\"robots\" content=\"index, follow, max-snippet:-1, max-image-preview:large, max-video-preview:-1\" \/>\n<link rel=\"canonical\" href=\"https:\/\/renexia.it\/rinnovabili-italia-in-coda-con-39-progetti-nella-corsa-alleolico-in-mare\/\" \/>\n<meta property=\"og:locale\" content=\"fr_FR\" \/>\n<meta property=\"og:type\" content=\"article\" \/>\n<meta property=\"og:title\" content=\"\u00c9nergies renouvelables, l\u2019Italie \u00e0 la tra\u00eene avec 39 projets dans la course au d\u00e9veloppement de l\u2019\u00e9olien en mer - Renexia\" \/>\n<meta property=\"og:description\" content=\"(Tarente). Les op\u00e9rations de placement de la premi\u00e8re turbine Beleolico au large de la jet\u00e9e polysectorielle ont commenc\u00e9.\" \/>\n<meta property=\"og:url\" content=\"https:\/\/renexia.it\/rinnovabili-italia-in-coda-con-39-progetti-nella-corsa-alleolico-in-mare\/\" \/>\n<meta property=\"og:site_name\" content=\"Renexia\" \/>\n<meta property=\"article:published_time\" content=\"2021-11-05T00:01:16+00:00\" \/>\n<meta property=\"article:modified_time\" content=\"2023-09-06T11:27:55+00:00\" \/>\n<meta property=\"og:image\" content=\"https:\/\/renexia.it\/wp-content\/uploads\/2022\/06\/anteprima-ILSOLE24ORE-Rinnovabili-italia-in-coda-con-5NOVEMBRE2021-RENEXIA-1-600x841-1.jpg\" \/>\n\t<meta property=\"og:image:width\" content=\"600\" \/>\n\t<meta property=\"og:image:height\" content=\"841\" \/>\n\t<meta property=\"og:image:type\" content=\"image\/jpeg\" \/>\n<meta name=\"author\" content=\"TotoRenexiaEdit\" \/>\n<meta name=\"twitter:card\" content=\"summary_large_image\" \/>\n<meta name=\"twitter:label1\" content=\"\u00c9crit par\" \/>\n\t<meta name=\"twitter:data1\" content=\"TotoRenexiaEdit\" \/>\n\t<meta name=\"twitter:label2\" content=\"Dur\u00e9e de lecture estim\u00e9e\" \/>\n\t<meta name=\"twitter:data2\" content=\"1 minute\" \/>\n<script type=\"application\/ld+json\" class=\"yoast-schema-graph\">{\"@context\":\"https:\/\/schema.org\",\"@graph\":[{\"@type\":\"Article\",\"@id\":\"https:\/\/renexia.it\/rinnovabili-italia-in-coda-con-39-progetti-nella-corsa-alleolico-in-mare\/#article\",\"isPartOf\":{\"@id\":\"https:\/\/renexia.it\/rinnovabili-italia-in-coda-con-39-progetti-nella-corsa-alleolico-in-mare\/\"},\"author\":{\"name\":\"TotoRenexiaEdit\",\"@id\":\"https:\/\/renexia.it\/#\/schema\/person\/20be62dd35acd2c0ecd6319108fc2651\"},\"headline\":\"\u00c9nergies renouvelables, l\u2019Italie \u00e0 la tra\u00eene avec 39 projets dans la course au d\u00e9veloppement de l\u2019\u00e9olien en mer\",\"datePublished\":\"2021-11-05T00:01:16+00:00\",\"dateModified\":\"2023-09-06T11:27:55+00:00\",\"mainEntityOfPage\":{\"@id\":\"https:\/\/renexia.it\/rinnovabili-italia-in-coda-con-39-progetti-nella-corsa-alleolico-in-mare\/\"},\"wordCount\":283,\"publisher\":{\"@id\":\"https:\/\/renexia.it\/#organization\"},\"image\":{\"@id\":\"https:\/\/renexia.it\/rinnovabili-italia-in-coda-con-39-progetti-nella-corsa-alleolico-in-mare\/#primaryimage\"},\"thumbnailUrl\":\"https:\/\/renexia.it\/wp-content\/uploads\/2022\/06\/anteprima-ILSOLE24ORE-Rinnovabili-italia-in-coda-con-5NOVEMBRE2021-RENEXIA-1-600x841-1.jpg\",\"articleSection\":[\"ce qu\u2019on dit\"],\"inLanguage\":\"fr-FR\"},{\"@type\":\"WebPage\",\"@id\":\"https:\/\/renexia.it\/rinnovabili-italia-in-coda-con-39-progetti-nella-corsa-alleolico-in-mare\/\",\"url\":\"https:\/\/renexia.it\/rinnovabili-italia-in-coda-con-39-progetti-nella-corsa-alleolico-in-mare\/\",\"name\":\"\u00c9nergies renouvelables, l\u2019Italie \u00e0 la tra\u00eene avec 39 projets dans la course au d\u00e9veloppement de l\u2019\u00e9olien en mer - Renexia\",\"isPartOf\":{\"@id\":\"https:\/\/renexia.it\/#website\"},\"primaryImageOfPage\":{\"@id\":\"https:\/\/renexia.it\/rinnovabili-italia-in-coda-con-39-progetti-nella-corsa-alleolico-in-mare\/#primaryimage\"},\"image\":{\"@id\":\"https:\/\/renexia.it\/rinnovabili-italia-in-coda-con-39-progetti-nella-corsa-alleolico-in-mare\/#primaryimage\"},\"thumbnailUrl\":\"https:\/\/renexia.it\/wp-content\/uploads\/2022\/06\/anteprima-ILSOLE24ORE-Rinnovabili-italia-in-coda-con-5NOVEMBRE2021-RENEXIA-1-600x841-1.jpg\",\"datePublished\":\"2021-11-05T00:01:16+00:00\",\"dateModified\":\"2023-09-06T11:27:55+00:00\",\"breadcrumb\":{\"@id\":\"https:\/\/renexia.it\/rinnovabili-italia-in-coda-con-39-progetti-nella-corsa-alleolico-in-mare\/#breadcrumb\"},\"inLanguage\":\"fr-FR\",\"potentialAction\":[{\"@type\":\"ReadAction\",\"target\":[\"https:\/\/renexia.it\/rinnovabili-italia-in-coda-con-39-progetti-nella-corsa-alleolico-in-mare\/\"]}]},{\"@type\":\"ImageObject\",\"inLanguage\":\"fr-FR\",\"@id\":\"https:\/\/renexia.it\/rinnovabili-italia-in-coda-con-39-progetti-nella-corsa-alleolico-in-mare\/#primaryimage\",\"url\":\"https:\/\/renexia.it\/wp-content\/uploads\/2022\/06\/anteprima-ILSOLE24ORE-Rinnovabili-italia-in-coda-con-5NOVEMBRE2021-RENEXIA-1-600x841-1.jpg\",\"contentUrl\":\"https:\/\/renexia.it\/wp-content\/uploads\/2022\/06\/anteprima-ILSOLE24ORE-Rinnovabili-italia-in-coda-con-5NOVEMBRE2021-RENEXIA-1-600x841-1.jpg\",\"width\":600,\"height\":841},{\"@type\":\"BreadcrumbList\",\"@id\":\"https:\/\/renexia.it\/rinnovabili-italia-in-coda-con-39-progetti-nella-corsa-alleolico-in-mare\/#breadcrumb\",\"itemListElement\":[{\"@type\":\"ListItem\",\"position\":1,\"name\":\"Home\",\"item\":\"https:\/\/renexia.it\/fr\/\"},{\"@type\":\"ListItem\",\"position\":2,\"name\":\"\u00c9nergies renouvelables, l\u2019Italie \u00e0 la tra\u00eene avec 39 projets dans la course au d\u00e9veloppement de l\u2019\u00e9olien en mer\"}]},{\"@type\":\"WebSite\",\"@id\":\"https:\/\/renexia.it\/#website\",\"url\":\"https:\/\/renexia.it\/\",\"name\":\"Renexia\",\"description\":\"\u00abFirst-mover\u00bb delle rinnovabili\",\"publisher\":{\"@id\":\"https:\/\/renexia.it\/#organization\"},\"potentialAction\":[{\"@type\":\"SearchAction\",\"target\":{\"@type\":\"EntryPoint\",\"urlTemplate\":\"https:\/\/renexia.it\/?s={search_term_string}\"},\"query-input\":{\"@type\":\"PropertyValueSpecification\",\"valueRequired\":true,\"valueName\":\"search_term_string\"}}],\"inLanguage\":\"fr-FR\"},{\"@type\":\"Organization\",\"@id\":\"https:\/\/renexia.it\/#organization\",\"name\":\"RENEXIA\",\"url\":\"https:\/\/renexia.it\/\",\"logo\":{\"@type\":\"ImageObject\",\"inLanguage\":\"fr-FR\",\"@id\":\"https:\/\/renexia.it\/#\/schema\/logo\/image\/\",\"url\":\"https:\/\/renexia.it\/wp-content\/uploads\/2022\/06\/logo-renexia.png\",\"contentUrl\":\"https:\/\/renexia.it\/wp-content\/uploads\/2022\/06\/logo-renexia.png\",\"width\":300,\"height\":85,\"caption\":\"RENEXIA\"},\"image\":{\"@id\":\"https:\/\/renexia.it\/#\/schema\/logo\/image\/\"}},{\"@type\":\"Person\",\"@id\":\"https:\/\/renexia.it\/#\/schema\/person\/20be62dd35acd2c0ecd6319108fc2651\",\"name\":\"TotoRenexiaEdit\",\"image\":{\"@type\":\"ImageObject\",\"inLanguage\":\"fr-FR\",\"@id\":\"https:\/\/secure.gravatar.com\/avatar\/1319a0b7f8b5a6cfbdbe86e36634860640577d8b1be669b1710e66c1023b3485?s=96&d=mm&r=g\",\"url\":\"https:\/\/secure.gravatar.com\/avatar\/1319a0b7f8b5a6cfbdbe86e36634860640577d8b1be669b1710e66c1023b3485?s=96&d=mm&r=g\",\"contentUrl\":\"https:\/\/secure.gravatar.com\/avatar\/1319a0b7f8b5a6cfbdbe86e36634860640577d8b1be669b1710e66c1023b3485?s=96&d=mm&r=g\",\"caption\":\"TotoRenexiaEdit\"},\"sameAs\":[\"https:\/\/renexia.it\"],\"url\":\"https:\/\/renexia.it\/fr\/author\/totorenexiaedit\/\"}]}<\/script>\n<!-- \/ Yoast SEO plugin. -->","yoast_head_json":{"title":"\u00c9nergies renouvelables, l\u2019Italie \u00e0 la tra\u00eene avec 39 projets dans la course au d\u00e9veloppement de l\u2019\u00e9olien en mer - Renexia","robots":{"index":"index","follow":"follow","max-snippet":"max-snippet:-1","max-image-preview":"max-image-preview:large","max-video-preview":"max-video-preview:-1"},"canonical":"https:\/\/renexia.it\/rinnovabili-italia-in-coda-con-39-progetti-nella-corsa-alleolico-in-mare\/","og_locale":"fr_FR","og_type":"article","og_title":"\u00c9nergies renouvelables, l\u2019Italie \u00e0 la tra\u00eene avec 39 projets dans la course au d\u00e9veloppement de l\u2019\u00e9olien en mer - Renexia","og_description":"(Tarente). Les op\u00e9rations de placement de la premi\u00e8re turbine Beleolico au large de la jet\u00e9e polysectorielle ont commenc\u00e9.","og_url":"https:\/\/renexia.it\/rinnovabili-italia-in-coda-con-39-progetti-nella-corsa-alleolico-in-mare\/","og_site_name":"Renexia","article_published_time":"2021-11-05T00:01:16+00:00","article_modified_time":"2023-09-06T11:27:55+00:00","og_image":[{"width":600,"height":841,"url":"https:\/\/renexia.it\/wp-content\/uploads\/2022\/06\/anteprima-ILSOLE24ORE-Rinnovabili-italia-in-coda-con-5NOVEMBRE2021-RENEXIA-1-600x841-1.jpg","type":"image\/jpeg"}],"author":"TotoRenexiaEdit","twitter_card":"summary_large_image","twitter_misc":{"\u00c9crit par":"TotoRenexiaEdit","Dur\u00e9e de lecture estim\u00e9e":"1 minute"},"schema":{"@context":"https:\/\/schema.org","@graph":[{"@type":"Article","@id":"https:\/\/renexia.it\/rinnovabili-italia-in-coda-con-39-progetti-nella-corsa-alleolico-in-mare\/#article","isPartOf":{"@id":"https:\/\/renexia.it\/rinnovabili-italia-in-coda-con-39-progetti-nella-corsa-alleolico-in-mare\/"},"author":{"name":"TotoRenexiaEdit","@id":"https:\/\/renexia.it\/#\/schema\/person\/20be62dd35acd2c0ecd6319108fc2651"},"headline":"\u00c9nergies renouvelables, l\u2019Italie \u00e0 la tra\u00eene avec 39 projets dans la course au d\u00e9veloppement de l\u2019\u00e9olien en mer","datePublished":"2021-11-05T00:01:16+00:00","dateModified":"2023-09-06T11:27:55+00:00","mainEntityOfPage":{"@id":"https:\/\/renexia.it\/rinnovabili-italia-in-coda-con-39-progetti-nella-corsa-alleolico-in-mare\/"},"wordCount":283,"publisher":{"@id":"https:\/\/renexia.it\/#organization"},"image":{"@id":"https:\/\/renexia.it\/rinnovabili-italia-in-coda-con-39-progetti-nella-corsa-alleolico-in-mare\/#primaryimage"},"thumbnailUrl":"https:\/\/renexia.it\/wp-content\/uploads\/2022\/06\/anteprima-ILSOLE24ORE-Rinnovabili-italia-in-coda-con-5NOVEMBRE2021-RENEXIA-1-600x841-1.jpg","articleSection":["ce qu\u2019on dit"],"inLanguage":"fr-FR"},{"@type":"WebPage","@id":"https:\/\/renexia.it\/rinnovabili-italia-in-coda-con-39-progetti-nella-corsa-alleolico-in-mare\/","url":"https:\/\/renexia.it\/rinnovabili-italia-in-coda-con-39-progetti-nella-corsa-alleolico-in-mare\/","name":"\u00c9nergies renouvelables, l\u2019Italie \u00e0 la tra\u00eene avec 39 projets dans la course au d\u00e9veloppement de l\u2019\u00e9olien en mer - Renexia","isPartOf":{"@id":"https:\/\/renexia.it\/#website"},"primaryImageOfPage":{"@id":"https:\/\/renexia.it\/rinnovabili-italia-in-coda-con-39-progetti-nella-corsa-alleolico-in-mare\/#primaryimage"},"image":{"@id":"https:\/\/renexia.it\/rinnovabili-italia-in-coda-con-39-progetti-nella-corsa-alleolico-in-mare\/#primaryimage"},"thumbnailUrl":"https:\/\/renexia.it\/wp-content\/uploads\/2022\/06\/anteprima-ILSOLE24ORE-Rinnovabili-italia-in-coda-con-5NOVEMBRE2021-RENEXIA-1-600x841-1.jpg","datePublished":"2021-11-05T00:01:16+00:00","dateModified":"2023-09-06T11:27:55+00:00","breadcrumb":{"@id":"https:\/\/renexia.it\/rinnovabili-italia-in-coda-con-39-progetti-nella-corsa-alleolico-in-mare\/#breadcrumb"},"inLanguage":"fr-FR","potentialAction":[{"@type":"ReadAction","target":["https:\/\/renexia.it\/rinnovabili-italia-in-coda-con-39-progetti-nella-corsa-alleolico-in-mare\/"]}]},{"@type":"ImageObject","inLanguage":"fr-FR","@id":"https:\/\/renexia.it\/rinnovabili-italia-in-coda-con-39-progetti-nella-corsa-alleolico-in-mare\/#primaryimage","url":"https:\/\/renexia.it\/wp-content\/uploads\/2022\/06\/anteprima-ILSOLE24ORE-Rinnovabili-italia-in-coda-con-5NOVEMBRE2021-RENEXIA-1-600x841-1.jpg","contentUrl":"https:\/\/renexia.it\/wp-content\/uploads\/2022\/06\/anteprima-ILSOLE24ORE-Rinnovabili-italia-in-coda-con-5NOVEMBRE2021-RENEXIA-1-600x841-1.jpg","width":600,"height":841},{"@type":"BreadcrumbList","@id":"https:\/\/renexia.it\/rinnovabili-italia-in-coda-con-39-progetti-nella-corsa-alleolico-in-mare\/#breadcrumb","itemListElement":[{"@type":"ListItem","position":1,"name":"Home","item":"https:\/\/renexia.it\/fr\/"},{"@type":"ListItem","position":2,"name":"\u00c9nergies renouvelables, l\u2019Italie \u00e0 la tra\u00eene avec 39 projets dans la course au d\u00e9veloppement de l\u2019\u00e9olien en mer"}]},{"@type":"WebSite","@id":"https:\/\/renexia.it\/#website","url":"https:\/\/renexia.it\/","name":"Renexia","description":"\u00abFirst-mover\u00bb delle rinnovabili","publisher":{"@id":"https:\/\/renexia.it\/#organization"},"potentialAction":[{"@type":"SearchAction","target":{"@type":"EntryPoint","urlTemplate":"https:\/\/renexia.it\/?s={search_term_string}"},"query-input":{"@type":"PropertyValueSpecification","valueRequired":true,"valueName":"search_term_string"}}],"inLanguage":"fr-FR"},{"@type":"Organization","@id":"https:\/\/renexia.it\/#organization","name":"RENEXIA","url":"https:\/\/renexia.it\/","logo":{"@type":"ImageObject","inLanguage":"fr-FR","@id":"https:\/\/renexia.it\/#\/schema\/logo\/image\/","url":"https:\/\/renexia.it\/wp-content\/uploads\/2022\/06\/logo-renexia.png","contentUrl":"https:\/\/renexia.it\/wp-content\/uploads\/2022\/06\/logo-renexia.png","width":300,"height":85,"caption":"RENEXIA"},"image":{"@id":"https:\/\/renexia.it\/#\/schema\/logo\/image\/"}},{"@type":"Person","@id":"https:\/\/renexia.it\/#\/schema\/person\/20be62dd35acd2c0ecd6319108fc2651","name":"TotoRenexiaEdit","image":{"@type":"ImageObject","inLanguage":"fr-FR","@id":"https:\/\/secure.gravatar.com\/avatar\/1319a0b7f8b5a6cfbdbe86e36634860640577d8b1be669b1710e66c1023b3485?s=96&d=mm&r=g","url":"https:\/\/secure.gravatar.com\/avatar\/1319a0b7f8b5a6cfbdbe86e36634860640577d8b1be669b1710e66c1023b3485?s=96&d=mm&r=g","contentUrl":"https:\/\/secure.gravatar.com\/avatar\/1319a0b7f8b5a6cfbdbe86e36634860640577d8b1be669b1710e66c1023b3485?s=96&d=mm&r=g","caption":"TotoRenexiaEdit"},"sameAs":["https:\/\/renexia.it"],"url":"https:\/\/renexia.it\/fr\/author\/totorenexiaedit\/"}]}},"acf":[],"_links":{"self":[{"href":"https:\/\/renexia.it\/fr\/wp-json\/wp\/v2\/posts\/111766","targetHints":{"allow":["GET"]}}],"collection":[{"href":"https:\/\/renexia.it\/fr\/wp-json\/wp\/v2\/posts"}],"about":[{"href":"https:\/\/renexia.it\/fr\/wp-json\/wp\/v2\/types\/post"}],"author":[{"embeddable":true,"href":"https:\/\/renexia.it\/fr\/wp-json\/wp\/v2\/users\/1"}],"replies":[{"embeddable":true,"href":"https:\/\/renexia.it\/fr\/wp-json\/wp\/v2\/comments?post=111766"}],"version-history":[{"count":7,"href":"https:\/\/renexia.it\/fr\/wp-json\/wp\/v2\/posts\/111766\/revisions"}],"predecessor-version":[{"id":132071,"href":"https:\/\/renexia.it\/fr\/wp-json\/wp\/v2\/posts\/111766\/revisions\/132071"}],"wp:featuredmedia":[{"embeddable":true,"href":"https:\/\/renexia.it\/fr\/wp-json\/wp\/v2\/media\/111556"}],"wp:attachment":[{"href":"https:\/\/renexia.it\/fr\/wp-json\/wp\/v2\/media?parent=111766"}],"wp:term":[{"taxonomy":"category","embeddable":true,"href":"https:\/\/renexia.it\/fr\/wp-json\/wp\/v2\/categories?post=111766"},{"taxonomy":"post_tag","embeddable":true,"href":"https:\/\/renexia.it\/fr\/wp-json\/wp\/v2\/tags?post=111766"},{"taxonomy":"location-tag","embeddable":true,"href":"https:\/\/renexia.it\/fr\/wp-json\/wp\/v2\/location-tag?post=111766"}],"curies":[{"name":"wp","href":"https:\/\/api.w.org\/{rel}","templated":true}]}}